{"id":10453,"date":"2019-04-11T20:48:37","date_gmt":"2019-04-11T23:48:37","guid":{"rendered":"https:\/\/blogs.correiobraziliense.com.br\/vicente\/?p=10453"},"modified":"2019-04-11T21:05:00","modified_gmt":"2019-04-12T00:05:00","slug":"bolsonaro-nao-assinara-nenhuma-das-400-demarcacoes-de-terras-indigenas","status":"publish","type":"post","link":"https:\/\/blogs.correiobraziliense.com.br\/vicente\/bolsonaro-nao-assinara-nenhuma-das-400-demarcacoes-de-terras-indigenas\/","title":{"rendered":"Bolsonaro n\u00e3o assinar\u00e1 nenhuma das 400 demarca\u00e7\u00f5es de terras ind\u00edgenas"},"content":{"rendered":"<h2>Em reuni\u00e3o nesta quinta-feira (11\/04) com a bancada de parlamentares do Amazonas, na qual discutiu o sistema de tributa\u00e7\u00e3o da cadeia de refrigerantes, o presidente Jair Bolsonaro afirmou que n\u00e3o assinar\u00e1 nenhum dos 400 pedidos de demarca\u00e7\u00f5es de terras ind\u00edgenas que est\u00e3o em an\u00e1lise pelo governo.<\/h2>\n<p>&nbsp;<\/p>\n<p>&#8220;O presidente foi claro: n\u00e3o assinar\u00e1 nenhuma das 400 demarca\u00e7\u00f5es de terras ind\u00edgenas&#8221; que est\u00e3o pendentes, disse o senador Pl\u00ednio Val\u00e9rio (PSDB), durante participa\u00e7\u00e3o no semin\u00e1rio &#8220;A import\u00e2ncia da Zona Franca de Manaus para o crescimento do pa\u00eds&#8221;, promovido pelo <strong>Correio<\/strong> em parceria com a Academia Brasileira do Direito Tribut\u00e1rio.<\/p>\n<p>&nbsp;<\/p>\n<p>Na avalia\u00e7\u00e3o do senador, Bolsonaro est\u00e1 corret\u00edssimo. &#8220;Demarcam terras e deixam os \u00edndios isolados, abandonados, sem acesso a nada&#8221;, afirmou. Segundo ele, h\u00e1, hoje, cerca de 400 mil \u00edndios no estado do Amazonas vivendo em condi\u00e7\u00f5es sub-humanas.<\/p>\n<p>&nbsp;<\/p>\n<p>Para ele, assim como n\u00e3o se deve mais demarcar terras ind\u00edgenas, \u00e9 necess\u00e1rio haver uma flexibiliza\u00e7\u00e3o nas leis ambientais para que os amazonenses possam usufruir, com crit\u00e9rio, das riquezas que a floresta oferece. &#8220;Hoje, se uma pessoa tirar uma casca de uma \u00e1rvore para fazer um ch\u00e1 \u00e9 multada pelo Ibama. N\u00e3o pode&#8221;, frisou.<\/p>\n<p>&nbsp;<\/p>\n<p><em>Bras\u00edlia, 20h48min<\/em><\/p>\n","protected":false},"excerpt":{"rendered":"<p>Em reuni\u00e3o nesta quinta-feira (11\/04) com a bancada de parlamentares do Amazonas, na qual discutiu o sistema de tributa\u00e7\u00e3o da cadeia de refrigerantes, o presidente Jair Bolsonaro afirmou que n\u00e3o assinar\u00e1 nenhum dos 400 pedidos de demarca\u00e7\u00f5es de terras ind\u00edgenas que est\u00e3o em an\u00e1lise pelo governo. &nbsp; &#8220;O presidente foi claro: n\u00e3o assinar\u00e1 nenhuma das [&hellip;]<\/p>\n","protected":false},"author":22,"featured_media":0,"comment_status":"open","ping_status":"closed","sticky":false,"template":"","format":"standard","meta":{"footnotes":""},"categories":[600],"tags":[2554,3791,3790,3792,984,3789],"class_list":["post-10453","post","type-post","status-publish","format-standard","hentry","category-economia","tag-bolsonaro","tag-demarcacao","tag-indigenas","tag-plinio-valerio","tag-senador","tag-terras"],"_links":{"self":[{"href":"https:\/\/blogs.correiobraziliense.com.br\/vicente\/wp-json\/wp\/v2\/posts\/10453","targetHints":{"allow":["GET"]}}],"collection":[{"href":"https:\/\/blogs.correiobraziliense.com.br\/vicente\/wp-json\/wp\/v2\/posts"}],"about":[{"href":"https:\/\/blogs.correiobraziliense.com.br\/vicente\/wp-json\/wp\/v2\/types\/post"}],"author":[{"embeddable":true,"href":"https:\/\/blogs.correiobraziliense.com.br\/vicente\/wp-json\/wp\/v2\/users\/22"}],"replies":[{"embeddable":true,"href":"https:\/\/blogs.correiobraziliense.com.br\/vicente\/wp-json\/wp\/v2\/comments?post=10453"}],"version-history":[{"count":1,"href":"https:\/\/blogs.correiobraziliense.com.br\/vicente\/wp-json\/wp\/v2\/posts\/10453\/revisions"}],"predecessor-version":[{"id":10454,"href":"https:\/\/blogs.correiobraziliense.com.br\/vicente\/wp-json\/wp\/v2\/posts\/10453\/revisions\/10454"}],"wp:attachment":[{"href":"https:\/\/blogs.correiobraziliense.com.br\/vicente\/wp-json\/wp\/v2\/media?parent=10453"}],"wp:term":[{"taxonomy":"category","embeddable":true,"href":"https:\/\/blogs.correiobraziliense.com.br\/vicente\/wp-json\/wp\/v2\/categories?post=10453"},{"taxonomy":"post_tag","embeddable":true,"href":"https:\/\/blogs.correiobraziliense.com.br\/vicente\/wp-json\/wp\/v2\/tags?post=10453"}],"curies":[{"name":"wp","href":"https:\/\/api.w.org\/{rel}","templated":true}]}}