{"id":10447,"date":"2019-04-11T19:02:59","date_gmt":"2019-04-11T22:02:59","guid":{"rendered":"https:\/\/blogs.correiobraziliense.com.br\/vicente\/?p=10447"},"modified":"2019-04-11T20:19:48","modified_gmt":"2019-04-11T23:19:48","slug":"bolsonaro-extinguira-13-mil-cargos-considerados-obsoletos","status":"publish","type":"post","link":"https:\/\/blogs.correiobraziliense.com.br\/vicente\/bolsonaro-extinguira-13-mil-cargos-considerados-obsoletos\/","title":{"rendered":"Bolsonaro extinguir\u00e1 13 mil cargos considerados obsoletos"},"content":{"rendered":"<h2>A esplanada dos Minist\u00e9rios est\u00e1 em polvorosa. Entre as 18 medidas anunciadas hoje pelo presidente Jair Bolsonaro como priorit\u00e1rias para governo est\u00e1 a extin\u00e7\u00e3o de 13 mil cargos abertos e que vierem a ficar vagos na administra\u00e7\u00e3o federal.<\/h2>\n<h2><\/h2>\n<figure id=\"attachment_10448\" aria-describedby=\"caption-attachment-10448\" style=\"width: 800px\" class=\"wp-caption alignleft\"><a href=\"https:\/\/blogs.correiobraziliense.com.br\/vicente\/wp-content\/uploads\/sites\/16\/2019\/04\/Esplanada.jpg\"><img loading=\"lazy\" decoding=\"async\" class=\"size-full wp-image-10448\" src=\"https:\/\/blogs.correiobraziliense.com.br\/vicente\/wp-content\/uploads\/sites\/16\/2019\/04\/Esplanada.jpg\" alt=\"\" width=\"800\" height=\"374\" srcset=\"https:\/\/blogs.correiobraziliense.com.br\/vicente\/wp-content\/uploads\/sites\/16\/2019\/04\/Esplanada.jpg 800w, https:\/\/blogs.correiobraziliense.com.br\/vicente\/wp-content\/uploads\/sites\/16\/2019\/04\/Esplanada-300x140.jpg 300w, https:\/\/blogs.correiobraziliense.com.br\/vicente\/wp-content\/uploads\/sites\/16\/2019\/04\/Esplanada-768x359.jpg 768w, https:\/\/blogs.correiobraziliense.com.br\/vicente\/wp-content\/uploads\/sites\/16\/2019\/04\/Esplanada-350x164.jpg 350w, https:\/\/blogs.correiobraziliense.com.br\/vicente\/wp-content\/uploads\/sites\/16\/2019\/04\/Esplanada-550x257.jpg 550w, https:\/\/blogs.correiobraziliense.com.br\/vicente\/wp-content\/uploads\/sites\/16\/2019\/04\/Esplanada-230x108.jpg 230w\" sizes=\"auto, (max-width: 800px) 100vw, 800px\" \/><\/a><figcaption id=\"caption-attachment-10448\" class=\"wp-caption-text\"><strong>Foto<\/strong>: Breno Fortes\/CB\/D.A. Press<\/figcaption><\/figure>\n<p>Segundo o secret\u00e1rio de Gest\u00e3o e Desempenho de Pessoal do Minist\u00e9rio da Economia, Wagner Lenhart, s\u00e3o fun\u00e7\u00f5es que se tornaram obsoletas. O decreto deve ser publicado nesta sexta-feira, 12 de abril.<\/p>\n<p>&nbsp;<\/p>\n<p>Consultado pelo <strong>Blog<\/strong>, Lenhart explicou que entre os cargos extintos est\u00e3o os de jardineiro, mestre de lancha, atendente bil\u00edngue, operador de m\u00e1quinas agr\u00edcolas, art\u00edfice de artes gr\u00e1ficas e auxiliar de enfermagem.<\/p>\n<p>&nbsp;<\/p>\n<p>Do total de cargos que ser\u00e3o extintos, 12.315 j\u00e1 est\u00e3o desocupados e ser\u00e3o suprimidos imediatamente. Essas fun\u00e7\u00f5es eram, em grande parte, ocupadas por servidores de n\u00edvel intermedi\u00e1rio ou auxiliar. Existem, ainda, 916 servidores ocupando alguns desses cargos na administra\u00e7\u00e3o. Nesses casos, a extin\u00e7\u00e3o ocorrer\u00e1 quando os funcion\u00e1rios se aposentarem.<\/p>\n<p>&nbsp;<\/p>\n<p>&#8220;A fun\u00e7\u00e3o de jardineiro \u00e9 pass\u00edvel de terceiriza\u00e7\u00e3o. N\u00e3o se faz mais concursos para auxiliar de enfermagem. Hoje, s\u00e3o contratados t\u00e9cnicos de enfermagem&#8221;, exemplifica o secret\u00e1rio.<\/p>\n<p>&nbsp;<\/p>\n<p><strong>Minist\u00e9rio da Sa\u00fade<\/strong><\/p>\n<p>&nbsp;<\/p>\n<p>O \u00f3rg\u00e3o mais afetado pela extin\u00e7\u00e3o de cargos ser\u00e1 o\u00a0Minist\u00e9rio da Sa\u00fade, com 11.420. Na Pasta, ser\u00e3o extintos cargos vagos de agente de sa\u00fade p\u00fablica, auxiliar de enfermagem e guarda de endemias. &#8220;Agente de sa\u00fade p\u00fablica e guarda de endemias desempenham atividades que passaram a ser exercidas pelos estados&#8221;, explica Lenhart. Ele ressalta ainda que outras rodadas de &#8220;limpeza&#8221; de cargos vir\u00e3o. A meta do governo \u00e9 ter uma estrutura de cargos mais enxuta.<\/p>\n<p>&nbsp;<\/p>\n<p>Para o secret\u00e1rio, a\u00a0extin\u00e7\u00e3o moderniza e adequa o quadro de pessoal da administra\u00e7\u00e3o p\u00fablica \u00e0 atual necessidade dos \u00f3rg\u00e3os e \u00e0 realidade do trabalho contempor\u00e2neo. Tamb\u00e9m evita contrata\u00e7\u00f5es que possam trazer \u00f4nus desnecess\u00e1rio \u00e0 Uni\u00e3o no futuro.<\/p>\n<p>&nbsp;<\/p>\n<p><strong>Concursos<\/strong><\/p>\n<p>&nbsp;<\/p>\n<p>Sobre concursos, Lenhart \u00e9 enf\u00e1tico: n\u00e3o est\u00e1 prevista nenhuma sele\u00e7\u00e3o para este ano. Certames para a contrata\u00e7\u00e3o de pessoal somente em casos excepcionais. A tend\u00eancia \u00e9 de o governo fechar o maior n\u00famero poss\u00edvel de vagas de pessoas que vierem a se aposentar.<\/p>\n<p>&nbsp;<\/p>\n<p>O secret\u00e1rio acredita que o momento \u00e9 de refor\u00e7ar a moderniza\u00e7\u00e3o da m\u00e1quina p\u00fablica a partir da extin\u00e7\u00e3o de cargos obsoletos, de cargos cujas atividades agora s\u00e3o pass\u00edveis de execu\u00e7\u00e3o por outros entes federativos ou por terceiriza\u00e7\u00e3o.\u00a0Hoje, existem mais de 700 mil cargos efetivos. Destes, cerca de 250 mil est\u00e3o vagos, e, portanto, poderiam vir a ser providos.<\/p>\n<p>&nbsp;<\/p>\n<p>&#8220;Ao depurar esta base e retirar cargos que n\u00e3o condizem com a realidade atual da for\u00e7a de trabalho federal, estamos evitando contrata\u00e7\u00f5es desnecess\u00e1rias, desperd\u00edcio de recursos, e tamb\u00e9m sinalizando aos administradores dos \u00f3rg\u00e3os que o caminho a ser seguido deve, necessariamente, estar atrelado \u00e0 realidade do trabalho p\u00fablico na sociedade contempor\u00e2nea&#8221;, frisa Lenhart.<\/p>\n<p>&nbsp;<\/p>\n<p><strong>Fun\u00e7\u00f5es comissionadas<\/strong><\/p>\n<p>&nbsp;<\/p>\n<p>Em janeiro, o Minist\u00e9rio da Economia fechou 2.900 vagas (demitiu pessoas e fechou vagas). Em mar\u00e7o, o governo anunciou a extin\u00e7\u00e3o de 21 mil fun\u00e7\u00f5es comissionadas, ocupadas por servidores p\u00fablicos. Nesse bolo, est\u00e3o 190 DAS, cargos ocupados por por pessoas de fora do governo.<\/p>\n<p>&nbsp;<\/p>\n<p>Essas 21 fun\u00e7\u00f5es comissionadas ser\u00e3o extintas em tr\u00eas etapas. A primeira, se deu em mar\u00e7o. A segunda, est\u00e1 programada para junho. A terceira, para setembro. O governo quer reduzir a todo custos os gastos com pessoal que, neste ano, v\u00e3o superar os R$ 326 bilh\u00f5es.<\/p>\n<p>&nbsp;<\/p>\n<p><em>Bras\u00edlia, 19h02min<\/em><\/p>\n","protected":false},"excerpt":{"rendered":"<p>A esplanada dos Minist\u00e9rios est\u00e1 em polvorosa. Entre as 18 medidas anunciadas hoje pelo presidente Jair Bolsonaro como priorit\u00e1rias para governo est\u00e1 a extin\u00e7\u00e3o de 13 mil cargos abertos e que vierem a ficar vagos na administra\u00e7\u00e3o federal. Segundo o secret\u00e1rio de Gest\u00e3o e Desempenho de Pessoal do Minist\u00e9rio da Economia, Wagner Lenhart, s\u00e3o fun\u00e7\u00f5es [&hellip;]<\/p>\n","protected":false},"author":22,"featured_media":0,"comment_status":"open","ping_status":"closed","sticky":false,"template":"","format":"standard","meta":{"footnotes":""},"categories":[600],"tags":[3787,2554,3786,1375,3788],"class_list":["post-10447","post","type-post","status-publish","format-standard","hentry","category-economia","tag-13-mil-obsoletos","tag-bolsonaro","tag-caros","tag-extincao","tag-lenhart"],"_links":{"self":[{"href":"https:\/\/blogs.correiobraziliense.com.br\/vicente\/wp-json\/wp\/v2\/posts\/10447","targetHints":{"allow":["GET"]}}],"collection":[{"href":"https:\/\/blogs.correiobraziliense.com.br\/vicente\/wp-json\/wp\/v2\/posts"}],"about":[{"href":"https:\/\/blogs.correiobraziliense.com.br\/vicente\/wp-json\/wp\/v2\/types\/post"}],"author":[{"embeddable":true,"href":"https:\/\/blogs.correiobraziliense.com.br\/vicente\/wp-json\/wp\/v2\/users\/22"}],"replies":[{"embeddable":true,"href":"https:\/\/blogs.correiobraziliense.com.br\/vicente\/wp-json\/wp\/v2\/comments?post=10447"}],"version-history":[{"count":4,"href":"https:\/\/blogs.correiobraziliense.com.br\/vicente\/wp-json\/wp\/v2\/posts\/10447\/revisions"}],"predecessor-version":[{"id":10452,"href":"https:\/\/blogs.correiobraziliense.com.br\/vicente\/wp-json\/wp\/v2\/posts\/10447\/revisions\/10452"}],"wp:attachment":[{"href":"https:\/\/blogs.correiobraziliense.com.br\/vicente\/wp-json\/wp\/v2\/media?parent=10447"}],"wp:term":[{"taxonomy":"category","embeddable":true,"href":"https:\/\/blogs.correiobraziliense.com.br\/vicente\/wp-json\/wp\/v2\/categories?post=10447"},{"taxonomy":"post_tag","embeddable":true,"href":"https:\/\/blogs.correiobraziliense.com.br\/vicente\/wp-json\/wp\/v2\/tags?post=10447"}],"curies":[{"name":"wp","href":"https:\/\/api.w.org\/{rel}","templated":true}]}}