{"id":10445,"date":"2019-04-10T18:30:59","date_gmt":"2019-04-10T21:30:59","guid":{"rendered":"https:\/\/blogs.correiobraziliense.com.br\/vicente\/?p=10445"},"modified":"2019-04-10T20:49:31","modified_gmt":"2019-04-10T23:49:31","slug":"em-meio-ao-caos-administrativo-a-solidariedade-da-populacao","status":"publish","type":"post","link":"https:\/\/blogs.correiobraziliense.com.br\/vicente\/em-meio-ao-caos-administrativo-a-solidariedade-da-populacao\/","title":{"rendered":"Em meio ao caos administrativo, a solidariedade da popula\u00e7\u00e3o"},"content":{"rendered":"<h2>BRUNO SANTA RITA<\/h2>\n<h2><\/h2>\n<h2>A Secretaria Estadual de Desenvolvimento Social e Direitos Humanos (SEDSDH) avaliou como positivo o primeiro dia de doa\u00e7\u00f5es para as v\u00edtimas das chuvas intensas que devastaram a regi\u00e3o metropolitana e interior do Estado do Rio de Janeiro.<\/h2>\n<p>&nbsp;<\/p>\n<p>At\u00e9 \u00e0s 17h desta quarta-feira (10\/04) havia sido contabilizada 1,3 tonelada de alimentos n\u00e3o perec\u00edveis e mais de 2.500 pe\u00e7as de vestu\u00e1rio e roupas de cama. Ainda s\u00e3o necess\u00e1rias cestas b\u00e1sicas, colch\u00f5es e colchonetes, \u00e1gua pot\u00e1vel e produtos de limpeza, al\u00e9m de caixas de papel\u00e3o.<\/p>\n<p>&nbsp;<\/p>\n<p>\u201cEstamos felizes com as doa\u00e7\u00f5es. \u00c9 uma forma de minimizar o impacto dessa trag\u00e9dia na vida dessas pessoas. Juntamente aos munic\u00edpios atingidos, estamos trabalhando para identificar fam\u00edlias que necessitam do apoio\u201d, avalia a secret\u00e1ria Fabiana Bentes.<\/p>\n<p>&nbsp;<\/p>\n<p>No levantamento da secretaria, o munic\u00edpio mais atingido \u00e9 o de Volta Redonda, com 511 pessoas afetadas e dois abrigos tempor\u00e1rios \u00e0 disposi\u00e7\u00e3o das v\u00edtimas. No munic\u00edpio de Barra Mansa, 314 pessoas foram atingidas e 91 est\u00e3o desalojadas nas 38 \u00e1reas mais atingidas.<\/p>\n<p>&nbsp;<\/p>\n<p>Em S\u00e3o Gon\u00e7alo, foram disponibilizados cinco abrigos tempor\u00e1rios para atender 315 desabrigados e aproximadamente 900 pessoas desalojadas. Na cidade do Rio, at\u00e9 o momento, foram identificadas 44 fam\u00edlias desabrigadas e 28 desalojadas.<\/p>\n<p>&nbsp;<\/p>\n<p><em>Bras\u00edlia, 18h30min<\/em><\/p>\n","protected":false},"excerpt":{"rendered":"<p>BRUNO SANTA RITA A Secretaria Estadual de Desenvolvimento Social e Direitos Humanos (SEDSDH) avaliou como positivo o primeiro dia de doa\u00e7\u00f5es para as v\u00edtimas das chuvas intensas que devastaram a regi\u00e3o metropolitana e interior do Estado do Rio de Janeiro. &nbsp; At\u00e9 \u00e0s 17h desta quarta-feira (10\/04) havia sido contabilizada 1,3 tonelada de alimentos n\u00e3o [&hellip;]<\/p>\n","protected":false},"author":22,"featured_media":0,"comment_status":"open","ping_status":"closed","sticky":false,"template":"","format":"standard","meta":{"footnotes":""},"categories":[600],"tags":[3784,3785,273,777],"class_list":["post-10445","post","type-post","status-publish","format-standard","hentry","category-economia","tag-chuvas","tag-doacoes","tag-rio","tag-solidariedade"],"_links":{"self":[{"href":"https:\/\/blogs.correiobraziliense.com.br\/vicente\/wp-json\/wp\/v2\/posts\/10445","targetHints":{"allow":["GET"]}}],"collection":[{"href":"https:\/\/blogs.correiobraziliense.com.br\/vicente\/wp-json\/wp\/v2\/posts"}],"about":[{"href":"https:\/\/blogs.correiobraziliense.com.br\/vicente\/wp-json\/wp\/v2\/types\/post"}],"author":[{"embeddable":true,"href":"https:\/\/blogs.correiobraziliense.com.br\/vicente\/wp-json\/wp\/v2\/users\/22"}],"replies":[{"embeddable":true,"href":"https:\/\/blogs.correiobraziliense.com.br\/vicente\/wp-json\/wp\/v2\/comments?post=10445"}],"version-history":[{"count":1,"href":"https:\/\/blogs.correiobraziliense.com.br\/vicente\/wp-json\/wp\/v2\/posts\/10445\/revisions"}],"predecessor-version":[{"id":10446,"href":"https:\/\/blogs.correiobraziliense.com.br\/vicente\/wp-json\/wp\/v2\/posts\/10445\/revisions\/10446"}],"wp:attachment":[{"href":"https:\/\/blogs.correiobraziliense.com.br\/vicente\/wp-json\/wp\/v2\/media?parent=10445"}],"wp:term":[{"taxonomy":"category","embeddable":true,"href":"https:\/\/blogs.correiobraziliense.com.br\/vicente\/wp-json\/wp\/v2\/categories?post=10445"},{"taxonomy":"post_tag","embeddable":true,"href":"https:\/\/blogs.correiobraziliense.com.br\/vicente\/wp-json\/wp\/v2\/tags?post=10445"}],"curies":[{"name":"wp","href":"https:\/\/api.w.org\/{rel}","templated":true}]}}