{"id":10441,"date":"2019-04-10T20:06:47","date_gmt":"2019-04-10T23:06:47","guid":{"rendered":"https:\/\/blogs.correiobraziliense.com.br\/vicente\/?p=10441"},"modified":"2019-04-10T20:26:50","modified_gmt":"2019-04-10T23:26:50","slug":"camara-aprova-beneficios-fiscais-para-o-minha-casa-minha-vida","status":"publish","type":"post","link":"https:\/\/blogs.correiobraziliense.com.br\/vicente\/camara-aprova-beneficios-fiscais-para-o-minha-casa-minha-vida\/","title":{"rendered":"C\u00e2mara aprova benef\u00edcios fiscais para o Minha Casa Minha Vida"},"content":{"rendered":"<h2>Num momento em que as construtoras que atuam no Minha Casa Minha Vida amea\u00e7am parar as atividades e demitir funcion\u00e1rios por falta de repasses dos governo \u2014 as d\u00edvidas chegam a R$ 800 milh\u00f5es \u2014, o Congresso deu uma boa not\u00edcia aos empres\u00e1rios.<\/h2>\n<p>&nbsp;<\/p>\n<figure id=\"attachment_10442\" aria-describedby=\"caption-attachment-10442\" style=\"width: 509px\" class=\"wp-caption alignleft\"><a href=\"https:\/\/blogs.correiobraziliense.com.br\/vicente\/wp-content\/uploads\/sites\/16\/2019\/04\/MarceloRamos.jpg\"><img loading=\"lazy\" decoding=\"async\" class=\" wp-image-10442\" src=\"https:\/\/blogs.correiobraziliense.com.br\/vicente\/wp-content\/uploads\/sites\/16\/2019\/04\/MarceloRamos-1024x682.jpg\" alt=\"\" width=\"509\" height=\"339\" srcset=\"https:\/\/blogs.correiobraziliense.com.br\/vicente\/wp-content\/uploads\/sites\/16\/2019\/04\/MarceloRamos-1024x682.jpg 1024w, https:\/\/blogs.correiobraziliense.com.br\/vicente\/wp-content\/uploads\/sites\/16\/2019\/04\/MarceloRamos-300x200.jpg 300w, https:\/\/blogs.correiobraziliense.com.br\/vicente\/wp-content\/uploads\/sites\/16\/2019\/04\/MarceloRamos-768x512.jpg 768w, https:\/\/blogs.correiobraziliense.com.br\/vicente\/wp-content\/uploads\/sites\/16\/2019\/04\/MarceloRamos-350x233.jpg 350w, https:\/\/blogs.correiobraziliense.com.br\/vicente\/wp-content\/uploads\/sites\/16\/2019\/04\/MarceloRamos-550x367.jpg 550w, https:\/\/blogs.correiobraziliense.com.br\/vicente\/wp-content\/uploads\/sites\/16\/2019\/04\/MarceloRamos-230x153.jpg 230w, https:\/\/blogs.correiobraziliense.com.br\/vicente\/wp-content\/uploads\/sites\/16\/2019\/04\/MarceloRamos.jpg 1280w\" sizes=\"auto, (max-width: 509px) 100vw, 509px\" \/><\/a><figcaption id=\"caption-attachment-10442\" class=\"wp-caption-text\"><strong>Foto:<\/strong> Assessoria do PR<\/figcaption><\/figure>\n<p>O Plen\u00e1rio da C\u00e2mara dos Deputados aprovou, nesta quarta-feira (10\/04), o Projeto de Lei 88\/19, do deputado Marcelo Ramos (PR-AM), que prorroga incentivos tribut\u00e1rios do programa Minha Casa, Minha Vida. Pelo\u00a0\u00a0regime especial tribut\u00e1rio proposto pelo parlamentar, ter\u00e3o benef\u00edcios projetos de incorpora\u00e7\u00e3o de unidades residenciais avaliadas em at\u00e9 R$ 100 mil, faixa considerada de interesse social.<\/p>\n<p>&nbsp;<\/p>\n<p>O benef\u00edcio valer\u00e1 para obras que tenham sido contratadas entre 31 de mar\u00e7o de 2009 at\u00e9 31 de dezembro de 31 de dezembro de 2018. \u201cA aprova\u00e7\u00e3o do projeto garante empregos formais e um ambiente jur\u00eddico favor\u00e1vel para as empresas que fizeram seu planejamento tribut\u00e1rio. Empregos para gente mais humilde, pois um pedreiro n\u00e3o pode ser readmitido como operador de telemarketing\u201d, diz Marcelo Ramos.<\/p>\n<p>&nbsp;<\/p>\n<p>O projeto muda a Lei 12.024\/09, que j\u00e1 garante para obras antigas um \u00edndice \u00fanico, de 1% da receita mensal obtida, a t\u00edtulo de tributos federais pagos por construtoras e incorporadoras de im\u00f3veis no \u00e2mbito do Minha Casa Minha Vida. E busca incentivar a retomada da constru\u00e7\u00e3o de casas populares e, em consequ\u00eancia, o incremento na gera\u00e7\u00e3o de empregos. A mat\u00e9ria ser\u00e1 enviada ao Senado.<\/p>\n<p>&nbsp;<\/p>\n<p>\u201cEstamos falando de obras de moradias populares, de forte interesse social, que significam, de um lado, atender a um d\u00e9ficit hist\u00f3rico de moradias para camadas mais populares e, de outro, criar um ambiente favor\u00e1vel \u00e0 constru\u00e7\u00e3o civil, que significa emprego na veia\u201d, disse.<\/p>\n<p>&nbsp;<\/p>\n<p><em>Bras\u00edlia, 20h06min<\/em><\/p>\n","protected":false},"excerpt":{"rendered":"<p>Num momento em que as construtoras que atuam no Minha Casa Minha Vida amea\u00e7am parar as atividades e demitir funcion\u00e1rios por falta de repasses dos governo \u2014 as d\u00edvidas chegam a R$ 800 milh\u00f5es \u2014, o Congresso deu uma boa not\u00edcia aos empres\u00e1rios. &nbsp; O Plen\u00e1rio da C\u00e2mara dos Deputados aprovou, nesta quarta-feira (10\/04), o [&hellip;]<\/p>\n","protected":false},"author":22,"featured_media":0,"comment_status":"open","ping_status":"closed","sticky":false,"template":"","format":"standard","meta":{"footnotes":""},"categories":[600],"tags":[3782,134,3783,3781],"class_list":["post-10441","post","type-post","status-publish","format-standard","hentry","category-economia","tag-beneficios-fiscais","tag-camara","tag-marcelo-ramos","tag-minha-casa-minha-vida"],"_links":{"self":[{"href":"https:\/\/blogs.correiobraziliense.com.br\/vicente\/wp-json\/wp\/v2\/posts\/10441","targetHints":{"allow":["GET"]}}],"collection":[{"href":"https:\/\/blogs.correiobraziliense.com.br\/vicente\/wp-json\/wp\/v2\/posts"}],"about":[{"href":"https:\/\/blogs.correiobraziliense.com.br\/vicente\/wp-json\/wp\/v2\/types\/post"}],"author":[{"embeddable":true,"href":"https:\/\/blogs.correiobraziliense.com.br\/vicente\/wp-json\/wp\/v2\/users\/22"}],"replies":[{"embeddable":true,"href":"https:\/\/blogs.correiobraziliense.com.br\/vicente\/wp-json\/wp\/v2\/comments?post=10441"}],"version-history":[{"count":2,"href":"https:\/\/blogs.correiobraziliense.com.br\/vicente\/wp-json\/wp\/v2\/posts\/10441\/revisions"}],"predecessor-version":[{"id":10444,"href":"https:\/\/blogs.correiobraziliense.com.br\/vicente\/wp-json\/wp\/v2\/posts\/10441\/revisions\/10444"}],"wp:attachment":[{"href":"https:\/\/blogs.correiobraziliense.com.br\/vicente\/wp-json\/wp\/v2\/media?parent=10441"}],"wp:term":[{"taxonomy":"category","embeddable":true,"href":"https:\/\/blogs.correiobraziliense.com.br\/vicente\/wp-json\/wp\/v2\/categories?post=10441"},{"taxonomy":"post_tag","embeddable":true,"href":"https:\/\/blogs.correiobraziliense.com.br\/vicente\/wp-json\/wp\/v2\/tags?post=10441"}],"curies":[{"name":"wp","href":"https:\/\/api.w.org\/{rel}","templated":true}]}}