{"id":10438,"date":"2019-04-10T19:20:32","date_gmt":"2019-04-10T22:20:32","guid":{"rendered":"https:\/\/blogs.correiobraziliense.com.br\/vicente\/?p=10438"},"modified":"2019-04-10T20:04:33","modified_gmt":"2019-04-10T23:04:33","slug":"projecoes-para-a-inflacao-de-abril-disparam","status":"publish","type":"post","link":"https:\/\/blogs.correiobraziliense.com.br\/vicente\/projecoes-para-a-inflacao-de-abril-disparam\/","title":{"rendered":"Proje\u00e7\u00f5es para a infla\u00e7\u00e3o de abril disparam"},"content":{"rendered":"<h2>Depois do resultado da infla\u00e7\u00e3o de mar\u00e7o, que atingiu 0,75%, os especialistas revisaram para cima as estimativas para o \u00cdndice de Pre\u00e7os ao Consumidor Amplo (IPCA) de abril.<\/h2>\n<p>&nbsp;<\/p>\n<figure id=\"attachment_10439\" aria-describedby=\"caption-attachment-10439\" style=\"width: 532px\" class=\"wp-caption alignleft\"><a href=\"https:\/\/blogs.correiobraziliense.com.br\/vicente\/wp-content\/uploads\/sites\/16\/2019\/04\/ThadeuFilho.jpg\"><img loading=\"lazy\" decoding=\"async\" class=\" wp-image-10439\" src=\"https:\/\/blogs.correiobraziliense.com.br\/vicente\/wp-content\/uploads\/sites\/16\/2019\/04\/ThadeuFilho.jpg\" alt=\"\" width=\"532\" height=\"399\" srcset=\"https:\/\/blogs.correiobraziliense.com.br\/vicente\/wp-content\/uploads\/sites\/16\/2019\/04\/ThadeuFilho.jpg 800w, https:\/\/blogs.correiobraziliense.com.br\/vicente\/wp-content\/uploads\/sites\/16\/2019\/04\/ThadeuFilho-300x225.jpg 300w, https:\/\/blogs.correiobraziliense.com.br\/vicente\/wp-content\/uploads\/sites\/16\/2019\/04\/ThadeuFilho-768x576.jpg 768w, https:\/\/blogs.correiobraziliense.com.br\/vicente\/wp-content\/uploads\/sites\/16\/2019\/04\/ThadeuFilho-350x263.jpg 350w, https:\/\/blogs.correiobraziliense.com.br\/vicente\/wp-content\/uploads\/sites\/16\/2019\/04\/ThadeuFilho-550x413.jpg 550w, https:\/\/blogs.correiobraziliense.com.br\/vicente\/wp-content\/uploads\/sites\/16\/2019\/04\/ThadeuFilho-230x173.jpg 230w\" sizes=\"auto, (max-width: 532px) 100vw, 532px\" \/><\/a><figcaption id=\"caption-attachment-10439\" class=\"wp-caption-text\">Foto: Arquivo pessoal<\/figcaption><\/figure>\n<p>Pelos c\u00e1lculos do economista-chefe da Ativa Corretora, Carlos Thadeu Filho, em vez de 0,39%, a infla\u00e7\u00e3o de abril ser\u00e1 de 0,52%. S\u00e3o v\u00e1rios os fatores que, segundo ele, justificam esse aumento.<\/p>\n<p>&nbsp;<\/p>\n<p>As chuvas que desabaram no Rio de Janeiro e em S\u00e3o Paulo v\u00e3o prejudicar a colheita de verduras e legumes, cujos pre\u00e7os est\u00e3o em disparada. Tamb\u00e9m subir\u00e3o os pre\u00e7os da carne de boi e de frango.<\/p>\n<p>&nbsp;<\/p>\n<p>O economista v\u00ea, ainda, eleva\u00e7\u00e3o dos pre\u00e7os da energia. Pelas estimativas anteriores, as tarifas ficariam est\u00e1veis. Agora, devem subir, em m\u00e9dia, 0,5%.<\/p>\n<p>&nbsp;<\/p>\n<p>As chuvas em excesso tamb\u00e9m levar\u00e3o a reajustes dos pre\u00e7os da gasolina e do etanol, que vinha em queda, mas sofreu o impacto do adiamento do in\u00edcio da safra.<\/p>\n<p>&nbsp;<\/p>\n<p>Thadeu Filho tamb\u00e9m v\u00ea redu\u00e7\u00e3o do ritmo de defla\u00e7\u00e3o de bens dur\u00e1veis (que ainda t\u00eam queda de 0,1%) e manuten\u00e7\u00e3o da alta m\u00e9dia dos pre\u00e7os dos servi\u00e7os de 0,33%.<\/p>\n<p>&nbsp;<\/p>\n<p>Diante dessa for\u00e7a maior dos pre\u00e7os, o mercado praticamente enterrou a possibilidade de o Banco Central reduzir a taxa b\u00e1sica de juros (Selic), que est\u00e1 em 6,5% ao ano.<\/p>\n<p>&nbsp;<\/p>\n<p>Isso, mesmo com a aprova\u00e7\u00e3o da reforma da Previd\u00eancia pelo Congresso.<\/p>\n<p>&nbsp;<\/p>\n<p><em>Bras\u00edlia, 19h20min<\/em><\/p>\n","protected":false},"excerpt":{"rendered":"<p>Depois do resultado da infla\u00e7\u00e3o de mar\u00e7o, que atingiu 0,75%, os especialistas revisaram para cima as estimativas para o \u00cdndice de Pre\u00e7os ao Consumidor Amplo (IPCA) de abril. &nbsp; Pelos c\u00e1lculos do economista-chefe da Ativa Corretora, Carlos Thadeu Filho, em vez de 0,39%, a infla\u00e7\u00e3o de abril ser\u00e1 de 0,52%. S\u00e3o v\u00e1rios os fatores que, [&hellip;]<\/p>\n","protected":false},"author":22,"featured_media":0,"comment_status":"open","ping_status":"closed","sticky":false,"template":"","format":"standard","meta":{"footnotes":""},"categories":[600],"tags":[3779,1438,14,4,1441,3780,1440],"class_list":["post-10438","post","type-post","status-publish","format-standard","hentry","category-economia","tag-abril","tag-carnes","tag-inflacao","tag-juros","tag-legumes","tag-thadeu-filho","tag-verduras"],"_links":{"self":[{"href":"https:\/\/blogs.correiobraziliense.com.br\/vicente\/wp-json\/wp\/v2\/posts\/10438","targetHints":{"allow":["GET"]}}],"collection":[{"href":"https:\/\/blogs.correiobraziliense.com.br\/vicente\/wp-json\/wp\/v2\/posts"}],"about":[{"href":"https:\/\/blogs.correiobraziliense.com.br\/vicente\/wp-json\/wp\/v2\/types\/post"}],"author":[{"embeddable":true,"href":"https:\/\/blogs.correiobraziliense.com.br\/vicente\/wp-json\/wp\/v2\/users\/22"}],"replies":[{"embeddable":true,"href":"https:\/\/blogs.correiobraziliense.com.br\/vicente\/wp-json\/wp\/v2\/comments?post=10438"}],"version-history":[{"count":1,"href":"https:\/\/blogs.correiobraziliense.com.br\/vicente\/wp-json\/wp\/v2\/posts\/10438\/revisions"}],"predecessor-version":[{"id":10440,"href":"https:\/\/blogs.correiobraziliense.com.br\/vicente\/wp-json\/wp\/v2\/posts\/10438\/revisions\/10440"}],"wp:attachment":[{"href":"https:\/\/blogs.correiobraziliense.com.br\/vicente\/wp-json\/wp\/v2\/media?parent=10438"}],"wp:term":[{"taxonomy":"category","embeddable":true,"href":"https:\/\/blogs.correiobraziliense.com.br\/vicente\/wp-json\/wp\/v2\/categories?post=10438"},{"taxonomy":"post_tag","embeddable":true,"href":"https:\/\/blogs.correiobraziliense.com.br\/vicente\/wp-json\/wp\/v2\/tags?post=10438"}],"curies":[{"name":"wp","href":"https:\/\/api.w.org\/{rel}","templated":true}]}}