{"id":10427,"date":"2019-04-10T11:31:30","date_gmt":"2019-04-10T14:31:30","guid":{"rendered":"https:\/\/blogs.correiobraziliense.com.br\/vicente\/?p=10427"},"modified":"2019-04-10T12:07:49","modified_gmt":"2019-04-10T15:07:49","slug":"tomate-volta-a-ser-vilao-preco-subiu-3184-em-marco-diz-ibge","status":"publish","type":"post","link":"https:\/\/blogs.correiobraziliense.com.br\/vicente\/tomate-volta-a-ser-vilao-preco-subiu-3184-em-marco-diz-ibge\/","title":{"rendered":"Tomate volta a ser vil\u00e3o: pre\u00e7o subiu 31,84% em mar\u00e7o, diz IBGE"},"content":{"rendered":"<h2>HAMILTON FERRARI<\/h2>\n<h2><\/h2>\n<h2>O tomate voltou a ser o vil\u00e3o dos consumidores. Segundo o Instituto Brasileiro de Geografia e Estat\u00edstica (IBGE), a fruta encareceu 31,84% em mar\u00e7o, contribuindo para que a infla\u00e7\u00e3o do m\u00eas acelerasse.<\/h2>\n<p>&nbsp;<\/p>\n<p>Enquanto o \u00cdndice Nacional de Pre\u00e7os ao Consumidor Amplo (IPCA) marcou varia\u00e7\u00e3o de 4,58% no acumulado de 12 meses at\u00e9 mar\u00e7o, o pre\u00e7o do tomate subiu 28,54% no mesmo per\u00edodo. Houve um encarecimento geral dos pre\u00e7os dos alimentos.<\/p>\n<p>&nbsp;<\/p>\n<p>O grupo alimenta\u00e7\u00e3o teve impacto de 0,34 ponto percentual na infla\u00e7\u00e3o do m\u00eas, com varia\u00e7\u00e3o de 1,37%. Os alimentos para consumo em domic\u00edlio registrou alta de 2,07%, com taxas que intercalam entre 0,80% a 3,38% nas 16 regi\u00f5es pesquisadas pelo IBGE.<\/p>\n<p>&nbsp;<\/p>\n<p>Al\u00e9m do tomate, se sobressa\u00edram, em mar\u00e7o, o custo da batata-inglesa (21,11%), o feij\u00e3o-carioca (12,93%) e as frutas (4,26%). No acumulado de 12 meses, a eleva\u00e7\u00e3o desses pre\u00e7os \u00e9 ainda maior: 90,96%; 135,04% e 17,39%, respectivamente.<\/p>\n<p>&nbsp;<\/p>\n<p><em>Bras\u00edlia, 11h30min<\/em><\/p>\n","protected":false},"excerpt":{"rendered":"<p>HAMILTON FERRARI O tomate voltou a ser o vil\u00e3o dos consumidores. Segundo o Instituto Brasileiro de Geografia e Estat\u00edstica (IBGE), a fruta encareceu 31,84% em mar\u00e7o, contribuindo para que a infla\u00e7\u00e3o do m\u00eas acelerasse. &nbsp; Enquanto o \u00cdndice Nacional de Pre\u00e7os ao Consumidor Amplo (IPCA) marcou varia\u00e7\u00e3o de 4,58% no acumulado de 12 meses at\u00e9 [&hellip;]<\/p>\n","protected":false},"author":22,"featured_media":10429,"comment_status":"open","ping_status":"closed","sticky":false,"template":"","format":"standard","meta":{"footnotes":""},"categories":[600],"tags":[391,14,1213,269,3778],"class_list":["post-10427","post","type-post","status-publish","format-standard","has-post-thumbnail","hentry","category-economia","tag-ibge","tag-inflacao","tag-ipca","tag-preco","tag-tomate"],"_links":{"self":[{"href":"https:\/\/blogs.correiobraziliense.com.br\/vicente\/wp-json\/wp\/v2\/posts\/10427","targetHints":{"allow":["GET"]}}],"collection":[{"href":"https:\/\/blogs.correiobraziliense.com.br\/vicente\/wp-json\/wp\/v2\/posts"}],"about":[{"href":"https:\/\/blogs.correiobraziliense.com.br\/vicente\/wp-json\/wp\/v2\/types\/post"}],"author":[{"embeddable":true,"href":"https:\/\/blogs.correiobraziliense.com.br\/vicente\/wp-json\/wp\/v2\/users\/22"}],"replies":[{"embeddable":true,"href":"https:\/\/blogs.correiobraziliense.com.br\/vicente\/wp-json\/wp\/v2\/comments?post=10427"}],"version-history":[{"count":2,"href":"https:\/\/blogs.correiobraziliense.com.br\/vicente\/wp-json\/wp\/v2\/posts\/10427\/revisions"}],"predecessor-version":[{"id":10437,"href":"https:\/\/blogs.correiobraziliense.com.br\/vicente\/wp-json\/wp\/v2\/posts\/10427\/revisions\/10437"}],"wp:featuredmedia":[{"embeddable":true,"href":"https:\/\/blogs.correiobraziliense.com.br\/vicente\/wp-json\/wp\/v2\/media\/10429"}],"wp:attachment":[{"href":"https:\/\/blogs.correiobraziliense.com.br\/vicente\/wp-json\/wp\/v2\/media?parent=10427"}],"wp:term":[{"taxonomy":"category","embeddable":true,"href":"https:\/\/blogs.correiobraziliense.com.br\/vicente\/wp-json\/wp\/v2\/categories?post=10427"},{"taxonomy":"post_tag","embeddable":true,"href":"https:\/\/blogs.correiobraziliense.com.br\/vicente\/wp-json\/wp\/v2\/tags?post=10427"}],"curies":[{"name":"wp","href":"https:\/\/api.w.org\/{rel}","templated":true}]}}