{"id":10425,"date":"2019-04-10T10:11:05","date_gmt":"2019-04-10T13:11:05","guid":{"rendered":"https:\/\/blogs.correiobraziliense.com.br\/vicente\/?p=10425"},"modified":"2019-04-10T11:38:19","modified_gmt":"2019-04-10T14:38:19","slug":"inflacao-passa-de-5-em-duas-regioes-brasilia-tem-a-menor-taxa","status":"publish","type":"post","link":"https:\/\/blogs.correiobraziliense.com.br\/vicente\/inflacao-passa-de-5-em-duas-regioes-brasilia-tem-a-menor-taxa\/","title":{"rendered":"Infla\u00e7\u00e3o passa de 5% em duas regi\u00f5es; Bras\u00edlia tem a menor taxa"},"content":{"rendered":"<h2>HAMILTON FERRARI<\/h2>\n<h2><\/h2>\n<h2>Apesar da infla\u00e7\u00e3o ter acelerado em fevereiro, Bras\u00edlia \u00e9 a regi\u00e3o pesquisada pelo Instituto Brasileiro de Geografia e Estat\u00edstica (IBGE) com a taxa mais baixa no acumulado de 12 meses. O \u00cdndice de Pre\u00e7os ao Consumidor Amplo (IPCA) atingiu 3,83% no per\u00edodo, enquanto, no Brasil, o indicador registrou 4,58% no mesmo intervalo de tempo.<\/h2>\n<h2><\/h2>\n<p>Os dados foram divulgados na manh\u00e3 desta quarta-feira (10\/4) pelo instituto. Houve uma acelera\u00e7\u00e3o de 0,75% na infla\u00e7\u00e3o de mar\u00e7o em todo o pa\u00eds, o que contribuiu para a acelera\u00e7\u00e3o dos pre\u00e7os. Em Bras\u00edlia, o IPCA registrou uma taxa de 0,93% \u2014 maior que a m\u00e9dia nacional.<\/p>\n<p>&nbsp;<\/p>\n<p>Mesmo assim, dentre as 16 regi\u00f5es, Bras\u00edlia continua sendo o lugar com infla\u00e7\u00e3o mais baixa. Em fevereiro, a capital foi a \u00fanica que havia registrado uma defla\u00e7\u00e3o (queda de pre\u00e7os) de 0,18%.<\/p>\n<p>&nbsp;<\/p>\n<p>Segundo o IBGE, duas cidades j\u00e1 est\u00e3o com IPCA acima de 5%: Porto Alegre (5,18%) e Rio Branco (5,32%). O Conselho Monet\u00e1rio Nacional (CMN) estabeleceu que o centro da meta para o \u00edndice de pre\u00e7os ser\u00e1 de 4,25% em 2019. Ou seja, a \u00faltima regi\u00e3o est\u00e1 com taxa 1,07 ponto percentual acima do objetivo do governo federal.<\/p>\n<p>&nbsp;<\/p>\n<p>H\u00e1 uma margem de 1,5 ponto percentual para o cumprimento da meta. Ou seja, a infla\u00e7\u00e3o pode atingir 5,75% na m\u00e9dia nacional. Mas a acelera\u00e7\u00e3o do IPCA em mar\u00e7o \u00e9 uma m\u00e1 not\u00edcia para economia, j\u00e1 que o Produto Interno Bruto (PIB) do pa\u00eds est\u00e1 fraco e o encarecimento dos pre\u00e7os dificulta a retomada.<\/p>\n<p>&nbsp;<\/p>\n<p><strong>Confira o \u00edndice de pre\u00e7os no acumulado de 12 meses por regi\u00e3o: <\/strong><br \/>\nRio Branco (5,32%)<br \/>\nPorto Alegre (5,18%)<br \/>\nVit\u00f3ria (4,89%)<br \/>\nRio de Janeiro (4,85%)<br \/>\nSalvador (4,75%)<br \/>\nAracaju (4,75%)<br \/>\nBelo Horizonte (4,61%)<br \/>\nS\u00e3o Paulo (4,59%)<br \/>\nRecife (4,59%)<br \/>\nS\u00e3o Lu\u00eds (4,58%)<br \/>\nCampos Grande (4,49%)<br \/>\nFortaleza (4,26%)<br \/>\nBel\u00e9m (4,07%)<br \/>\nCuritiba (3,99%)<br \/>\nGoi\u00e2nia (3,84%)<br \/>\nBras\u00edlia (3,83%)<br \/>\nBrasil (4,58%)<\/p>\n<p>&nbsp;<\/p>\n<p>O \u00cdndice Nacional de Pre\u00e7os ao Consumidor (INPC) \u2014 utilizado para reajustar o sal\u00e1rio m\u00ednimo e os benef\u00edcios previdenci\u00e1rios \u2014 \u00e9 ainda menor em Bras\u00edlia. Enquanto a m\u00e9dia nacional atingiu 4,67% no acumulado de 12 meses, a capital federal marca 3,10%. Rio Branco tem a maior taxa do pa\u00eds, com 5,20%.<\/p>\n<p>&nbsp;<\/p>\n<p><em>Bras\u00edlia, 10h08min<\/em><\/p>\n","protected":false},"excerpt":{"rendered":"<p>HAMILTON FERRARI Apesar da infla\u00e7\u00e3o ter acelerado em fevereiro, Bras\u00edlia \u00e9 a regi\u00e3o pesquisada pelo Instituto Brasileiro de Geografia e Estat\u00edstica (IBGE) com a taxa mais baixa no acumulado de 12 meses. O \u00cdndice de Pre\u00e7os ao Consumidor Amplo (IPCA) atingiu 3,83% no per\u00edodo, enquanto, no Brasil, o indicador registrou 4,58% no mesmo intervalo de [&hellip;]<\/p>\n","protected":false},"author":22,"featured_media":10431,"comment_status":"open","ping_status":"closed","sticky":false,"template":"","format":"standard","meta":{"footnotes":""},"categories":[600],"tags":[926,391,14,1130,1213,390],"class_list":["post-10425","post","type-post","status-publish","format-standard","has-post-thumbnail","hentry","category-economia","tag-brasilia","tag-ibge","tag-inflacao","tag-inpc","tag-ipca","tag-precos"],"_links":{"self":[{"href":"https:\/\/blogs.correiobraziliense.com.br\/vicente\/wp-json\/wp\/v2\/posts\/10425","targetHints":{"allow":["GET"]}}],"collection":[{"href":"https:\/\/blogs.correiobraziliense.com.br\/vicente\/wp-json\/wp\/v2\/posts"}],"about":[{"href":"https:\/\/blogs.correiobraziliense.com.br\/vicente\/wp-json\/wp\/v2\/types\/post"}],"author":[{"embeddable":true,"href":"https:\/\/blogs.correiobraziliense.com.br\/vicente\/wp-json\/wp\/v2\/users\/22"}],"replies":[{"embeddable":true,"href":"https:\/\/blogs.correiobraziliense.com.br\/vicente\/wp-json\/wp\/v2\/comments?post=10425"}],"version-history":[{"count":1,"href":"https:\/\/blogs.correiobraziliense.com.br\/vicente\/wp-json\/wp\/v2\/posts\/10425\/revisions"}],"predecessor-version":[{"id":10426,"href":"https:\/\/blogs.correiobraziliense.com.br\/vicente\/wp-json\/wp\/v2\/posts\/10425\/revisions\/10426"}],"wp:featuredmedia":[{"embeddable":true,"href":"https:\/\/blogs.correiobraziliense.com.br\/vicente\/wp-json\/wp\/v2\/media\/10431"}],"wp:attachment":[{"href":"https:\/\/blogs.correiobraziliense.com.br\/vicente\/wp-json\/wp\/v2\/media?parent=10425"}],"wp:term":[{"taxonomy":"category","embeddable":true,"href":"https:\/\/blogs.correiobraziliense.com.br\/vicente\/wp-json\/wp\/v2\/categories?post=10425"},{"taxonomy":"post_tag","embeddable":true,"href":"https:\/\/blogs.correiobraziliense.com.br\/vicente\/wp-json\/wp\/v2\/tags?post=10425"}],"curies":[{"name":"wp","href":"https:\/\/api.w.org\/{rel}","templated":true}]}}