{"id":10421,"date":"2019-04-09T19:29:06","date_gmt":"2019-04-09T22:29:06","guid":{"rendered":"https:\/\/blogs.correiobraziliense.com.br\/vicente\/?p=10421"},"modified":"2019-04-10T11:55:06","modified_gmt":"2019-04-10T14:55:06","slug":"telebras-continua-torrando-dinheiro-publico-em-2018-prejuizos-de-r-2248-milhoes","status":"publish","type":"post","link":"https:\/\/blogs.correiobraziliense.com.br\/vicente\/telebras-continua-torrando-dinheiro-publico-em-2018-prejuizos-de-r-2248-milhoes\/","title":{"rendered":"Telebras continua torrando dinheiro p\u00fablico. Em 2018: preju\u00edzos de R$ 224,8 milh\u00f5es"},"content":{"rendered":"<h2>A Telebras, estatal ressuscitada durante os governos do PT, continua torrando dinheiro p\u00fablico. Balan\u00e7o publicado pela empresa mostra que, mesmo tendo aumentado suas receitas, de R$ 73 milh\u00f5es, em 2017, para R$ 199 milh\u00f5es, no ano passado, registrou preju\u00edzos de R$ 224,8 milh\u00f5es. Em tr\u00eas anos, as perdas chegam a R$ 739,6 milh\u00f5es.<\/h2>\n<p>&nbsp;<\/p>\n<p><a href=\"https:\/\/blogs.correiobraziliense.com.br\/vicente\/wp-content\/uploads\/sites\/16\/2019\/04\/Telebras.jpg\"><img loading=\"lazy\" decoding=\"async\" class=\"wp-image-10423 alignleft\" src=\"https:\/\/blogs.correiobraziliense.com.br\/vicente\/wp-content\/uploads\/sites\/16\/2019\/04\/Telebras-1024x767.jpg\" alt=\"\" width=\"575\" height=\"431\" srcset=\"https:\/\/blogs.correiobraziliense.com.br\/vicente\/wp-content\/uploads\/sites\/16\/2019\/04\/Telebras-1024x767.jpg 1024w, https:\/\/blogs.correiobraziliense.com.br\/vicente\/wp-content\/uploads\/sites\/16\/2019\/04\/Telebras-300x225.jpg 300w, https:\/\/blogs.correiobraziliense.com.br\/vicente\/wp-content\/uploads\/sites\/16\/2019\/04\/Telebras-768x575.jpg 768w, https:\/\/blogs.correiobraziliense.com.br\/vicente\/wp-content\/uploads\/sites\/16\/2019\/04\/Telebras-350x262.jpg 350w, https:\/\/blogs.correiobraziliense.com.br\/vicente\/wp-content\/uploads\/sites\/16\/2019\/04\/Telebras-550x412.jpg 550w, https:\/\/blogs.correiobraziliense.com.br\/vicente\/wp-content\/uploads\/sites\/16\/2019\/04\/Telebras-230x172.jpg 230w, https:\/\/blogs.correiobraziliense.com.br\/vicente\/wp-content\/uploads\/sites\/16\/2019\/04\/Telebras.jpg 1280w\" sizes=\"auto, (max-width: 575px) 100vw, 575px\" \/><\/a><\/p>\n<p>O buraco est\u00e1 t\u00e3o grande, que o governo foi obrigado a injetar R$ 1,3 bilh\u00e3o no caixa da estatal. Desse total, sobraram apenas R$ 370 milh\u00f5es em patrim\u00f4nio l\u00edquido. Ou seja, se os preju\u00edzos continuarem e o Tesouro Nacional n\u00e3o enfiar mais nenhum centavo na companhia, o patrim\u00f4nio ficar\u00e1 negativo.<\/p>\n<p>&nbsp;<\/p>\n<p>Mesmo operando no vermelho, a Telebras ampliou o quadro de pessoal. Os gastos com sal\u00e1rios atingiram, em 2018, R$ 76,1 milh\u00f5es, 14,3% a mais do que ano ano anterior (R$ 66,5 milh\u00f5es). As despesas com pessoal v\u00eam aumentando sistematicamente ano a ano.<\/p>\n<p>&nbsp;<\/p>\n<p>A estatal alega que os gastos maiores com a folha de sal\u00e1rios decorre da concess\u00e3o de aumentos dados a seus empregados por meio de promo\u00e7\u00f5es por m\u00e9rito e antiguidade. Tamb\u00e9m houve aumento no quadro de colabores. Dentro do governo, muitos se questionam se o incha\u00e7o da folha \u00e9 justificado.<\/p>\n<p>&nbsp;<\/p>\n<p>Segundo o balan\u00e7o da empresa, os sal\u00e1rios dos diretores foram de R$ 38,8 mil (dado de dezembro de 2018). Entre os empregados. o maior sal\u00e1rio pago foi de R$ 27,5 mil e o menor, de R$ 2,4 mil. O sal\u00e1rio m\u00e9dio entre os funcion\u00e1rio ficou em R$ 11 mil.<\/p>\n<p>&nbsp;<\/p>\n<p><strong>Sat\u00e9lite<\/strong><\/p>\n<p>&nbsp;<\/p>\n<p>A Telebras tem se metido em uma s\u00e9rie de confus\u00f5es. Nos \u00faltimos anos, destinou mais de R$ 2 bilh\u00f5es para a constru\u00e7\u00e3o de um sat\u00e9lite, apontando com fundamental para levar internet \u00e0s regi\u00f5es mais remotas do pa\u00eds. At\u00e9 hoje, por\u00e9m, nenhum servi\u00e7o est\u00e1 sendo prestado.<\/p>\n<p>&nbsp;<\/p>\n<p>Depois de uma longa batalha na Justi\u00e7a, a estatal conseguiu o reconhecimento de sua parceria no sat\u00e9lite com a empresa Viasat Brasil. No caso do projeto de cabo submarino ligando o Brasil e a Europa, a Telebras substituiu a sua participa\u00e7\u00e3o societ\u00e1ria pelo direito do uso irrevog\u00e1vel de parte da capacidade do sistema de comunica\u00e7\u00e3o.<\/p>\n<p>&nbsp;<\/p>\n<p>No balan\u00e7o, a Telebras informa que, tanto com o sat\u00e9lite quanto com o cabo submarino, formar\u00e1 &#8220;a mais moderna e abrangente rede de telecomunica\u00e7\u00f5es do Brasil&#8221;. A previs\u00e3o \u00e9 atender uma popula\u00e7\u00e3o superior a 130 milh\u00f5es de pessoas. Mas isso exigir\u00e1 sempre uma boa gest\u00e3o.<\/p>\n<p>&nbsp;<\/p>\n<p><em>Bras\u00edlia, 19h29min<\/em><\/p>\n","protected":false},"excerpt":{"rendered":"<p>A Telebras, estatal ressuscitada durante os governos do PT, continua torrando dinheiro p\u00fablico. Balan\u00e7o publicado pela empresa mostra que, mesmo tendo aumentado suas receitas, de R$ 73 milh\u00f5es, em 2017, para R$ 199 milh\u00f5es, no ano passado, registrou preju\u00edzos de R$ 224,8 milh\u00f5es. Em tr\u00eas anos, as perdas chegam a R$ 739,6 milh\u00f5es. &nbsp; O [&hellip;]<\/p>\n","protected":false},"author":22,"featured_media":0,"comment_status":"open","ping_status":"closed","sticky":false,"template":"","format":"standard","meta":{"footnotes":""},"categories":[600],"tags":[2634,168,2344,1895,1637],"class_list":["post-10421","post","type-post","status-publish","format-standard","hentry","category-economia","tag-pessoal","tag-prejuizos","tag-satelite","tag-telebras","tag-tesouro"],"_links":{"self":[{"href":"https:\/\/blogs.correiobraziliense.com.br\/vicente\/wp-json\/wp\/v2\/posts\/10421","targetHints":{"allow":["GET"]}}],"collection":[{"href":"https:\/\/blogs.correiobraziliense.com.br\/vicente\/wp-json\/wp\/v2\/posts"}],"about":[{"href":"https:\/\/blogs.correiobraziliense.com.br\/vicente\/wp-json\/wp\/v2\/types\/post"}],"author":[{"embeddable":true,"href":"https:\/\/blogs.correiobraziliense.com.br\/vicente\/wp-json\/wp\/v2\/users\/22"}],"replies":[{"embeddable":true,"href":"https:\/\/blogs.correiobraziliense.com.br\/vicente\/wp-json\/wp\/v2\/comments?post=10421"}],"version-history":[{"count":6,"href":"https:\/\/blogs.correiobraziliense.com.br\/vicente\/wp-json\/wp\/v2\/posts\/10421\/revisions"}],"predecessor-version":[{"id":10436,"href":"https:\/\/blogs.correiobraziliense.com.br\/vicente\/wp-json\/wp\/v2\/posts\/10421\/revisions\/10436"}],"wp:attachment":[{"href":"https:\/\/blogs.correiobraziliense.com.br\/vicente\/wp-json\/wp\/v2\/media?parent=10421"}],"wp:term":[{"taxonomy":"category","embeddable":true,"href":"https:\/\/blogs.correiobraziliense.com.br\/vicente\/wp-json\/wp\/v2\/categories?post=10421"},{"taxonomy":"post_tag","embeddable":true,"href":"https:\/\/blogs.correiobraziliense.com.br\/vicente\/wp-json\/wp\/v2\/tags?post=10421"}],"curies":[{"name":"wp","href":"https:\/\/api.w.org\/{rel}","templated":true}]}}