{"id":10414,"date":"2019-04-09T17:51:49","date_gmt":"2019-04-09T20:51:49","guid":{"rendered":"https:\/\/blogs.correiobraziliense.com.br\/vicente\/?p=10414"},"modified":"2019-04-09T18:40:41","modified_gmt":"2019-04-09T21:40:41","slug":"correio-e-eleito-o-melhor-jornal-impresso-da-regiao-iberoamericana","status":"publish","type":"post","link":"https:\/\/blogs.correiobraziliense.com.br\/vicente\/correio-e-eleito-o-melhor-jornal-impresso-da-regiao-iberoamericana\/","title":{"rendered":"Correio \u00e9 eleito o melhor jornal impresso da regi\u00e3o Iberoamericana"},"content":{"rendered":"<h2>O <strong>Correio Braziliense<\/strong> foi o grande vencedor, na categoria jornal impresso di\u00e1rio, da VIII Edi\u00e7\u00e3o do Pr\u00eamio de Jornalismo Econ\u00f4mico Iberoamericano, promovido pela IE Business School, com sede da Espanha.<\/h2>\n<p>&nbsp;<\/p>\n<p><a href=\"https:\/\/blogs.correiobraziliense.com.br\/vicente\/wp-content\/uploads\/sites\/16\/2019\/04\/Espanha2.jpg\"><img loading=\"lazy\" decoding=\"async\" class=\"wp-image-10417 alignleft\" src=\"https:\/\/blogs.correiobraziliense.com.br\/vicente\/wp-content\/uploads\/sites\/16\/2019\/04\/Espanha2-742x1024.jpg\" alt=\"\" width=\"528\" height=\"728\" srcset=\"https:\/\/blogs.correiobraziliense.com.br\/vicente\/wp-content\/uploads\/sites\/16\/2019\/04\/Espanha2-742x1024.jpg 742w, https:\/\/blogs.correiobraziliense.com.br\/vicente\/wp-content\/uploads\/sites\/16\/2019\/04\/Espanha2-217x300.jpg 217w, https:\/\/blogs.correiobraziliense.com.br\/vicente\/wp-content\/uploads\/sites\/16\/2019\/04\/Espanha2-254x350.jpg 254w, https:\/\/blogs.correiobraziliense.com.br\/vicente\/wp-content\/uploads\/sites\/16\/2019\/04\/Espanha2-550x759.jpg 550w, https:\/\/blogs.correiobraziliense.com.br\/vicente\/wp-content\/uploads\/sites\/16\/2019\/04\/Espanha2-230x318.jpg 230w, https:\/\/blogs.correiobraziliense.com.br\/vicente\/wp-content\/uploads\/sites\/16\/2019\/04\/Espanha2.jpg 749w\" sizes=\"auto, (max-width: 528px) 100vw, 528px\" \/><\/a><\/p>\n<p>Na avalia\u00e7\u00e3o dos jurados, o <strong>Correio<\/strong> cumpre, diariamente, a miss\u00e3o de informar os leitores sobre os principais fatos econ\u00f4micos do pa\u00eds, sobretudo, por meio de uma linguagem clara e consistente.<\/p>\n<p>&nbsp;<\/p>\n<p>Al\u00e9m do <strong>Correio<\/strong>, foram premiados os ve\u00edculos\u00a0<em>Bloomberg Business Week<\/em>, do M\u00e9xico, e <em>Mercados e Regi\u00f5es<\/em>, do Peru. O jornal <em>El Comercio<\/em>, do Peru, venceu com a melhor mat\u00e9ria de imprensa di\u00e1ria: &#8220;A sa\u00edda dos Estados Unidos de acordo favorece o Peru?. J\u00e1 a revista <em>Expansi\u00f3n<\/em>, do M\u00e9xico, levou o pr\u00eamio de melhor mat\u00e9ria de ve\u00edculo n\u00e3o di\u00e1rio, com &#8220;A arte de negociar com Trump&#8221;.<\/p>\n<p>&nbsp;<\/p>\n<p>Participaram da sele\u00e7\u00e3o mais de 250 artigos, reportagens e entrevistas de mais de 100 meios de comunica\u00e7\u00e3o. Os pr\u00eamios ser\u00e3o entregues em 24 de abril, em cerim\u00f4nia em Madri.<\/p>\n<p>&nbsp;<\/p>\n<p><em>Bras\u00edlia, 17h51min<\/em><\/p>\n","protected":false},"excerpt":{"rendered":"<p>O Correio Braziliense foi o grande vencedor, na categoria jornal impresso di\u00e1rio, da VIII Edi\u00e7\u00e3o do Pr\u00eamio de Jornalismo Econ\u00f4mico Iberoamericano, promovido pela IE Business School, com sede da Espanha. &nbsp; Na avalia\u00e7\u00e3o dos jurados, o Correio cumpre, diariamente, a miss\u00e3o de informar os leitores sobre os principais fatos econ\u00f4micos do pa\u00eds, sobretudo, por meio [&hellip;]<\/p>\n","protected":false},"author":22,"featured_media":0,"comment_status":"open","ping_status":"closed","sticky":false,"template":"","format":"standard","meta":{"footnotes":""},"categories":[600],"tags":[2206,589,3776,3777,3775,2687],"class_list":["post-10414","post","type-post","status-publish","format-standard","hentry","category-economia","tag-correio","tag-economia","tag-iberoamericano","tag-ie-business-school","tag-jornal","tag-premio"],"_links":{"self":[{"href":"https:\/\/blogs.correiobraziliense.com.br\/vicente\/wp-json\/wp\/v2\/posts\/10414","targetHints":{"allow":["GET"]}}],"collection":[{"href":"https:\/\/blogs.correiobraziliense.com.br\/vicente\/wp-json\/wp\/v2\/posts"}],"about":[{"href":"https:\/\/blogs.correiobraziliense.com.br\/vicente\/wp-json\/wp\/v2\/types\/post"}],"author":[{"embeddable":true,"href":"https:\/\/blogs.correiobraziliense.com.br\/vicente\/wp-json\/wp\/v2\/users\/22"}],"replies":[{"embeddable":true,"href":"https:\/\/blogs.correiobraziliense.com.br\/vicente\/wp-json\/wp\/v2\/comments?post=10414"}],"version-history":[{"count":1,"href":"https:\/\/blogs.correiobraziliense.com.br\/vicente\/wp-json\/wp\/v2\/posts\/10414\/revisions"}],"predecessor-version":[{"id":10418,"href":"https:\/\/blogs.correiobraziliense.com.br\/vicente\/wp-json\/wp\/v2\/posts\/10414\/revisions\/10418"}],"wp:attachment":[{"href":"https:\/\/blogs.correiobraziliense.com.br\/vicente\/wp-json\/wp\/v2\/media?parent=10414"}],"wp:term":[{"taxonomy":"category","embeddable":true,"href":"https:\/\/blogs.correiobraziliense.com.br\/vicente\/wp-json\/wp\/v2\/categories?post=10414"},{"taxonomy":"post_tag","embeddable":true,"href":"https:\/\/blogs.correiobraziliense.com.br\/vicente\/wp-json\/wp\/v2\/tags?post=10414"}],"curies":[{"name":"wp","href":"https:\/\/api.w.org\/{rel}","templated":true}]}}