{"id":10395,"date":"2019-04-07T17:31:45","date_gmt":"2019-04-07T20:31:45","guid":{"rendered":"https:\/\/blogs.correiobraziliense.com.br\/vicente\/?p=10395"},"modified":"2019-04-07T20:37:48","modified_gmt":"2019-04-07T23:37:48","slug":"risco-cibernetico-tira-o-sono-de-grandes-executivos","status":"publish","type":"post","link":"https:\/\/blogs.correiobraziliense.com.br\/vicente\/risco-cibernetico-tira-o-sono-de-grandes-executivos\/","title":{"rendered":"Risco cibern\u00e9tico tira o sono de grandes executivos"},"content":{"rendered":"<h2>O risco cibern\u00e9tico est\u00e1 entre as maiores preocupa\u00e7\u00f5es dos executivos de grandes empresas de todo o mundo.<\/h2>\n<h2><\/h2>\n<p>N\u00e3o apenas pelo preju\u00edzo econ\u00f4mico que um ataque de hackers pode significar, mas tamb\u00e9m pelo risco de imagem, no caso de vazamento de informa\u00e7\u00f5es, como aconteceu com gigantes como Facebook e Uber.<\/p>\n<p>&nbsp;<\/p>\n<p>No Brasil, a entrada em vigor da Lei de Prote\u00e7\u00e3o de Dados, no segundo semestre deste ano, j\u00e1 est\u00e1 provocando uma corrida ao seguro cibern\u00e9tico. Uma grande seguradora internacional que atua no Brasil, e trabalha com esse produto desde 2012, recebeu, em mar\u00e7o, tr\u00eas vezes mais consultas do que nos tr\u00eas meses anteriores somados.<\/p>\n<p>&nbsp;<\/p>\n<p>O tema estar\u00e1 em discuss\u00e3o no 8\u00ba Encontro de Resseguro do Rio de Janeiro, promovido pela Confedera\u00e7\u00e3o das Seguradoras (CNseg) e pela Federa\u00e7\u00e3o Nacional das Empresas de Resseguros (Fenaber), nesta segunda-feira, 8 de abril.<\/p>\n<p>&nbsp;<\/p>\n<p><em>Bras\u00edlia, 17h31min<\/em><\/p>\n","protected":false},"excerpt":{"rendered":"<p>O risco cibern\u00e9tico est\u00e1 entre as maiores preocupa\u00e7\u00f5es dos executivos de grandes empresas de todo o mundo. N\u00e3o apenas pelo preju\u00edzo econ\u00f4mico que um ataque de hackers pode significar, mas tamb\u00e9m pelo risco de imagem, no caso de vazamento de informa\u00e7\u00f5es, como aconteceu com gigantes como Facebook e Uber. &nbsp; No Brasil, a entrada em [&hellip;]<\/p>\n","protected":false},"author":22,"featured_media":0,"comment_status":"open","ping_status":"closed","sticky":false,"template":"","format":"standard","meta":{"footnotes":""},"categories":[600],"tags":[3771,3772,2803,3286],"class_list":["post-10395","post","type-post","status-publish","format-standard","hentry","category-economia","tag-cibernetico","tag-executivos","tag-risco","tag-seminario"],"_links":{"self":[{"href":"https:\/\/blogs.correiobraziliense.com.br\/vicente\/wp-json\/wp\/v2\/posts\/10395","targetHints":{"allow":["GET"]}}],"collection":[{"href":"https:\/\/blogs.correiobraziliense.com.br\/vicente\/wp-json\/wp\/v2\/posts"}],"about":[{"href":"https:\/\/blogs.correiobraziliense.com.br\/vicente\/wp-json\/wp\/v2\/types\/post"}],"author":[{"embeddable":true,"href":"https:\/\/blogs.correiobraziliense.com.br\/vicente\/wp-json\/wp\/v2\/users\/22"}],"replies":[{"embeddable":true,"href":"https:\/\/blogs.correiobraziliense.com.br\/vicente\/wp-json\/wp\/v2\/comments?post=10395"}],"version-history":[{"count":1,"href":"https:\/\/blogs.correiobraziliense.com.br\/vicente\/wp-json\/wp\/v2\/posts\/10395\/revisions"}],"predecessor-version":[{"id":10396,"href":"https:\/\/blogs.correiobraziliense.com.br\/vicente\/wp-json\/wp\/v2\/posts\/10395\/revisions\/10396"}],"wp:attachment":[{"href":"https:\/\/blogs.correiobraziliense.com.br\/vicente\/wp-json\/wp\/v2\/media?parent=10395"}],"wp:term":[{"taxonomy":"category","embeddable":true,"href":"https:\/\/blogs.correiobraziliense.com.br\/vicente\/wp-json\/wp\/v2\/categories?post=10395"},{"taxonomy":"post_tag","embeddable":true,"href":"https:\/\/blogs.correiobraziliense.com.br\/vicente\/wp-json\/wp\/v2\/tags?post=10395"}],"curies":[{"name":"wp","href":"https:\/\/api.w.org\/{rel}","templated":true}]}}