{"id":10389,"date":"2019-04-06T10:12:31","date_gmt":"2019-04-06T13:12:31","guid":{"rendered":"https:\/\/blogs.correiobraziliense.com.br\/vicente\/?p=10389"},"modified":"2019-04-06T13:24:05","modified_gmt":"2019-04-06T16:24:05","slug":"visao-do-correio-velez-ja-deveria-estar-fora-educacao-nao-merece-tanto-descaso","status":"publish","type":"post","link":"https:\/\/blogs.correiobraziliense.com.br\/vicente\/visao-do-correio-velez-ja-deveria-estar-fora-educacao-nao-merece-tanto-descaso\/","title":{"rendered":"Vis\u00e3o do Correio: V\u00e9lez j\u00e1 deveria estar fora. Educa\u00e7\u00e3o n\u00e3o merece tanto descaso"},"content":{"rendered":"<h2>O presidente Jair Bolsonaro inovou ao criar o mercado futuro de demiss\u00e3o de ministros. Ao anunciar que, na pr\u00f3xima segunda-feira, decidir\u00e1 o futuro do comandante da pasta da Educa\u00e7\u00e3o, Ricardo V\u00e9lez Rodrigues, demitiu o subordinado antecipadamente, sem assinar a exonera\u00e7\u00e3o. Ao ser informado sobre as falas do chefe, V\u00e9lez disse que n\u00e3o entregaria o cargo. Bateu o p\u00e9, mas perdeu toda a autoridade para liderar um dos minist\u00e9rios mais importantes do pa\u00eds. Diante desse quadro dantesco, \u00e9 assustador ver como um setor estrat\u00e9gico est\u00e1 sendo tratado com tanto descaso.<\/h2>\n<p>&nbsp;<\/p>\n<figure id=\"attachment_10390\" aria-describedby=\"caption-attachment-10390\" style=\"width: 400px\" class=\"wp-caption alignleft\"><a href=\"https:\/\/blogs.correiobraziliense.com.br\/vicente\/wp-content\/uploads\/sites\/16\/2019\/04\/Velez1.jpg\"><img loading=\"lazy\" decoding=\"async\" class=\"size-full wp-image-10390\" src=\"https:\/\/blogs.correiobraziliense.com.br\/vicente\/wp-content\/uploads\/sites\/16\/2019\/04\/Velez1.jpg\" alt=\"\" width=\"400\" height=\"266\" srcset=\"https:\/\/blogs.correiobraziliense.com.br\/vicente\/wp-content\/uploads\/sites\/16\/2019\/04\/Velez1.jpg 400w, https:\/\/blogs.correiobraziliense.com.br\/vicente\/wp-content\/uploads\/sites\/16\/2019\/04\/Velez1-300x200.jpg 300w, https:\/\/blogs.correiobraziliense.com.br\/vicente\/wp-content\/uploads\/sites\/16\/2019\/04\/Velez1-350x233.jpg 350w, https:\/\/blogs.correiobraziliense.com.br\/vicente\/wp-content\/uploads\/sites\/16\/2019\/04\/Velez1-230x153.jpg 230w\" sizes=\"auto, (max-width: 400px) 100vw, 400px\" \/><\/a><figcaption id=\"caption-attachment-10390\" class=\"wp-caption-text\"><strong>Foto:<\/strong> Marcelo Camargo\/Ag\u00eancia Brasil<\/figcaption><\/figure>\n<p>Na verdade, Bolsonaro n\u00e3o deveria nem ter nomeado V\u00e9lez para a Educa\u00e7\u00e3o. Al\u00e9m de n\u00e3o ter as credenciais que o cargo exige, ele se mostrou um p\u00e9ssimo gestor. Nos tr\u00eas meses em que est\u00e1 \u00e0 frente da pasta, s\u00f3 conseguiu criar confus\u00e3o. Tanto que quase duas dezenas de seus comandados j\u00e1 foram demitidos. Em meio \u00e0 balburdia, nenhuma pol\u00edtica educacional foi levada adiante. Est\u00e1 tudo parado. O Fies, programa de financiamento que permite a jovens carentes pagarem a universidade, se transformou em uma bomba. O Enem, porta de acesso ao ensino superior, est\u00e1 engolfado por den\u00fancias de irregularidades.<\/p>\n<p>&nbsp;<\/p>\n<p>Bolsonaro, depois de praticamente tirar V\u00e9lez do cargo, disse que o ministro tem conserto. Ele sabe que n\u00e3o \u00e9 verdade. Se insistir no erro, o presidente condenar\u00e1 o Brasil ao atraso. Um pa\u00eds que precisa, urgentemente, dar saltos de produtividade, n\u00e3o pode ter um Minist\u00e9rio da Educa\u00e7\u00e3o nas m\u00e3os de uma pessoa que n\u00e3o sabe o que est\u00e1 fazendo e, pior, tem uma vis\u00e3o totalmente equivocada da realidade, a ponto de querer mudar os livros did\u00e1ticos para recontar a hist\u00f3ria da maneira que lhe \u00e9 mais conveniente. Isso \u00e9 um insulto ao bom senso.<\/p>\n<p>&nbsp;<\/p>\n<p><strong>Sem ideologia<\/strong><\/p>\n<p>&nbsp;<\/p>\n<p>Al\u00e9m de mandar V\u00e9lez para casa, Bolsonaro deveria fazer uma grande reestrutura\u00e7\u00e3o no Minist\u00e9rio da Educa\u00e7\u00e3o, eliminando os aspectos ideol\u00f3gicos e focando no que realmente \u00e9 importante: a melhora do ensino no pa\u00eds. \u00c9 inadmiss\u00edvel que o Brasil, uma das 10 maiores economias do planeta, tenha desempenho t\u00e3o ruim nos exames que medem a capacidade de aprendizado dos estudantes. Os levantamentos apontam que os jovens brasileiros, em grande maioria, deixam as escolas sem compreender o b\u00e1sico de portugu\u00eas \u2014 n\u00e3o conseguem interpretar um texto \u2014 e sem saber f\u00f3rmulas simples de matem\u00e1tica.<\/p>\n<p>&nbsp;<\/p>\n<p>Que futuro tem um pa\u00eds desse? Certamente, nenhum. O Brasil est\u00e1 condenado a ser uma na\u00e7\u00e3o de renda m\u00e9dia por causa do desastre na economia nos \u00faltimos anos. Mas pode mudar essa triste previs\u00e3o por meio de um sistema de educa\u00e7\u00e3o de qualidade. A sensa\u00e7\u00e3o que se tem \u00e9 a de que as autoridades n\u00e3o querem preparar nossas crian\u00e7as e jovens para um mundo novo que est\u00e1 se abrindo, em que a tecnologia dar\u00e1 as cartas. Prevalece a vis\u00e3o de que \u00e9 mais f\u00e1cil comandar um ex\u00e9rcito de ignorantes, uma massa de manobra incapaz de questionar o que est\u00e1 sendo imposto pelo Estado.<\/p>\n<p>&nbsp;<\/p>\n<p>Que fique claro: o Minist\u00e9rio da Educa\u00e7\u00e3o deve ser conduzido de forma t\u00e9cnica. Os interesses pol\u00edticos devem passar bem longe dali. Uma equipe preparada n\u00e3o perde tempo fazendo o que o time de V\u00e9lez fez desde que Bolsonaro tomou posse. As pol\u00edticas educacionais devem ser conduzidas por pessoas comprometidas com o pa\u00eds, n\u00e3o com grupos ideol\u00f3gicos. Se tiver a grandeza que todos esperam dele, V\u00e9lez deve dar adeus, at\u00e9 logo. Para o bem do Brasil.<\/p>\n<p>&nbsp;<\/p>\n<p><em>Bras\u00edlia, 10h12min<\/em><\/p>\n","protected":false},"excerpt":{"rendered":"<p>O presidente Jair Bolsonaro inovou ao criar o mercado futuro de demiss\u00e3o de ministros. Ao anunciar que, na pr\u00f3xima segunda-feira, decidir\u00e1 o futuro do comandante da pasta da Educa\u00e7\u00e3o, Ricardo V\u00e9lez Rodrigues, demitiu o subordinado antecipadamente, sem assinar a exonera\u00e7\u00e3o. Ao ser informado sobre as falas do chefe, V\u00e9lez disse que n\u00e3o entregaria o cargo. [&hellip;]<\/p>\n","protected":false},"author":22,"featured_media":0,"comment_status":"open","ping_status":"closed","sticky":false,"template":"","format":"standard","meta":{"footnotes":""},"categories":[600],"tags":[2554,2238,3767,1836,3766],"class_list":["post-10389","post","type-post","status-publish","format-standard","hentry","category-economia","tag-bolsonaro","tag-educacao","tag-ideologia","tag-ministerio","tag-velez"],"_links":{"self":[{"href":"https:\/\/blogs.correiobraziliense.com.br\/vicente\/wp-json\/wp\/v2\/posts\/10389","targetHints":{"allow":["GET"]}}],"collection":[{"href":"https:\/\/blogs.correiobraziliense.com.br\/vicente\/wp-json\/wp\/v2\/posts"}],"about":[{"href":"https:\/\/blogs.correiobraziliense.com.br\/vicente\/wp-json\/wp\/v2\/types\/post"}],"author":[{"embeddable":true,"href":"https:\/\/blogs.correiobraziliense.com.br\/vicente\/wp-json\/wp\/v2\/users\/22"}],"replies":[{"embeddable":true,"href":"https:\/\/blogs.correiobraziliense.com.br\/vicente\/wp-json\/wp\/v2\/comments?post=10389"}],"version-history":[{"count":1,"href":"https:\/\/blogs.correiobraziliense.com.br\/vicente\/wp-json\/wp\/v2\/posts\/10389\/revisions"}],"predecessor-version":[{"id":10391,"href":"https:\/\/blogs.correiobraziliense.com.br\/vicente\/wp-json\/wp\/v2\/posts\/10389\/revisions\/10391"}],"wp:attachment":[{"href":"https:\/\/blogs.correiobraziliense.com.br\/vicente\/wp-json\/wp\/v2\/media?parent=10389"}],"wp:term":[{"taxonomy":"category","embeddable":true,"href":"https:\/\/blogs.correiobraziliense.com.br\/vicente\/wp-json\/wp\/v2\/categories?post=10389"},{"taxonomy":"post_tag","embeddable":true,"href":"https:\/\/blogs.correiobraziliense.com.br\/vicente\/wp-json\/wp\/v2\/tags?post=10389"}],"curies":[{"name":"wp","href":"https:\/\/api.w.org\/{rel}","templated":true}]}}