{"id":10386,"date":"2019-04-05T13:57:37","date_gmt":"2019-04-05T16:57:37","guid":{"rendered":"https:\/\/blogs.correiobraziliense.com.br\/vicente\/?p=10386"},"modified":"2019-04-05T13:58:15","modified_gmt":"2019-04-05T16:58:15","slug":"rodrigo-maia-diz-que-sem-reforma-20-estados-terminarao-o-ano-sem-pagar-salarios","status":"publish","type":"post","link":"https:\/\/blogs.correiobraziliense.com.br\/vicente\/rodrigo-maia-diz-que-sem-reforma-20-estados-terminarao-o-ano-sem-pagar-salarios\/","title":{"rendered":"Rodrigo Maia diz que, sem reforma, 20 estados terminar\u00e3o o ano sem pagar sal\u00e1rios"},"content":{"rendered":"<h2>GABRIELA VINHAL<\/h2>\n<h2><\/h2>\n<h2>O presidente da C\u00e2mara dos Deputados, Rodrigo Maia, diz, ao participar de semin\u00e1rio em Campos do Jord\u00e3o (SP), que pelo menos 20 estados poder\u00e3o terminar o ano sem condi\u00e7\u00f5es de pagar sal\u00e1rios de servidores e benef\u00edcios de aposentados e pensionistas, caso o pa\u00eds n\u00e3o fa\u00e7a a reforma da Previd\u00eancia Social.<\/h2>\n<p>&nbsp;<\/p>\n<p><a href=\"https:\/\/blogs.correiobraziliense.com.br\/vicente\/wp-content\/uploads\/sites\/16\/2019\/04\/RodrigoMaia.jpeg\"><img loading=\"lazy\" decoding=\"async\" class=\"wp-image-10387 alignleft\" src=\"https:\/\/blogs.correiobraziliense.com.br\/vicente\/wp-content\/uploads\/sites\/16\/2019\/04\/RodrigoMaia-1024x684.jpeg\" alt=\"\" width=\"636\" height=\"425\" srcset=\"https:\/\/blogs.correiobraziliense.com.br\/vicente\/wp-content\/uploads\/sites\/16\/2019\/04\/RodrigoMaia-1024x684.jpeg 1024w, https:\/\/blogs.correiobraziliense.com.br\/vicente\/wp-content\/uploads\/sites\/16\/2019\/04\/RodrigoMaia-300x200.jpeg 300w, https:\/\/blogs.correiobraziliense.com.br\/vicente\/wp-content\/uploads\/sites\/16\/2019\/04\/RodrigoMaia-768x513.jpeg 768w, https:\/\/blogs.correiobraziliense.com.br\/vicente\/wp-content\/uploads\/sites\/16\/2019\/04\/RodrigoMaia-350x234.jpeg 350w, https:\/\/blogs.correiobraziliense.com.br\/vicente\/wp-content\/uploads\/sites\/16\/2019\/04\/RodrigoMaia-550x368.jpeg 550w, https:\/\/blogs.correiobraziliense.com.br\/vicente\/wp-content\/uploads\/sites\/16\/2019\/04\/RodrigoMaia-230x154.jpeg 230w, https:\/\/blogs.correiobraziliense.com.br\/vicente\/wp-content\/uploads\/sites\/16\/2019\/04\/RodrigoMaia.jpeg 1070w\" sizes=\"auto, (max-width: 636px) 100vw, 636px\" \/><\/a><\/p>\n<p>Segundo ele, os governadores, mesmo os de esquerda, que est\u00e3o em maioria no Nordeste, devem abra\u00e7ar o projeto de reforma que est\u00e1 Congresso. Na avalia\u00e7\u00e3o dele, as mudan\u00e7as nos regimes previdenci\u00e1rios s\u00e3o fundamentais para que o Brasil volte a crescer e a gerar empregos.<\/p>\n<p>&nbsp;<\/p>\n<p>Para Maia, se as pessoas n\u00e3o entendem o que \u00e9 a reforma, se h\u00e1 d\u00favidas sobre temas como a idade m\u00ednima, \u00e9 preciso que o governo d\u00ea todas as explica\u00e7\u00f5es necess\u00e1rias. O que n\u00e3o pode \u00e9 uma reforma do porte da Previd\u00eancia ser realizada em meio a tantas d\u00favidas. A popula\u00e7\u00e3o precisa entender o que est\u00e1 sendo feito e como ela vai se beneficiar disso.<\/p>\n<p>&nbsp;<\/p>\n<p>Para o presidente da C\u00e2mara, n\u00e3o h\u00e1 nenhum problema se a aprova\u00e7\u00e3o da reforma da Previd\u00eancia n\u00e3o ocorrer no primeiro semestre, como aposta a maioria do mercado financeiro. &#8220;Se vai ser no fim de junho, na primeira quinzena de julho ou no in\u00edcio de agosto, n\u00e3o h\u00e1 problema&#8221;, diz. O importante \u00e9 que a reforma saia.<\/p>\n<p>&nbsp;<\/p>\n<p>Ele reconhece as pol\u00eamicas em rela\u00e7\u00e3o a determinados pontos da reforma, como o Benef\u00edcio de Presta\u00e7\u00e3o Continuada (BPC) e a aposentadoria rural. Mas afirma que esses temas podem ser resolvidos com di\u00e1logo. No caso da aposentadoria rural, por exemplo, ele ressalta que a Medida Provis\u00f3ria que retira dos sindicatos o poder de indicar quem vai se aposentar resolver\u00e1 90% dos casos de suspeitas de fraudes.<\/p>\n<p>&nbsp;<\/p>\n<p>Maia destaca que a aposentadoria rural responde por um deficit de R$ 120 bilh\u00f5es por ano e chama a aten\u00e7\u00e3o que h\u00e1 mais pessoas recebendo esses benef\u00edcios do que moradores no campo. Por isso, \u00e9 importante corrigir as distor\u00e7\u00f5es.<\/p>\n<p>&nbsp;<\/p>\n<p>O mais importante para que a reforma v\u00e1 adiante, no entanto, \u00e9 a articula\u00e7\u00e3o do governo com o Congresso. Sem o entendimento entre os dois poderes, diz Maia, dificilmente se ter\u00e1 os votos suficientes para a aprova\u00e7\u00e3o das mudan\u00e7as na Previd\u00eancia.<\/p>\n<p>&nbsp;<\/p>\n<p><em>Bras\u00edlia, 13h33min<\/em><\/p>\n<p>&nbsp;<\/p>\n","protected":false},"excerpt":{"rendered":"<p>GABRIELA VINHAL O presidente da C\u00e2mara dos Deputados, Rodrigo Maia, diz, ao participar de semin\u00e1rio em Campos do Jord\u00e3o (SP), que pelo menos 20 estados poder\u00e3o terminar o ano sem condi\u00e7\u00f5es de pagar sal\u00e1rios de servidores e benef\u00edcios de aposentados e pensionistas, caso o pa\u00eds n\u00e3o fa\u00e7a a reforma da Previd\u00eancia Social. &nbsp; Segundo ele, [&hellip;]<\/p>\n","protected":false},"author":22,"featured_media":0,"comment_status":"open","ping_status":"closed","sticky":false,"template":"","format":"standard","meta":{"footnotes":""},"categories":[600],"tags":[1762,3765,429,614,656],"class_list":["post-10386","post","type-post","status-publish","format-standard","hentry","category-economia","tag-aposentadoria-rural","tag-bpc","tag-previdencia","tag-reforma","tag-rodrigo-maia"],"_links":{"self":[{"href":"https:\/\/blogs.correiobraziliense.com.br\/vicente\/wp-json\/wp\/v2\/posts\/10386","targetHints":{"allow":["GET"]}}],"collection":[{"href":"https:\/\/blogs.correiobraziliense.com.br\/vicente\/wp-json\/wp\/v2\/posts"}],"about":[{"href":"https:\/\/blogs.correiobraziliense.com.br\/vicente\/wp-json\/wp\/v2\/types\/post"}],"author":[{"embeddable":true,"href":"https:\/\/blogs.correiobraziliense.com.br\/vicente\/wp-json\/wp\/v2\/users\/22"}],"replies":[{"embeddable":true,"href":"https:\/\/blogs.correiobraziliense.com.br\/vicente\/wp-json\/wp\/v2\/comments?post=10386"}],"version-history":[{"count":1,"href":"https:\/\/blogs.correiobraziliense.com.br\/vicente\/wp-json\/wp\/v2\/posts\/10386\/revisions"}],"predecessor-version":[{"id":10388,"href":"https:\/\/blogs.correiobraziliense.com.br\/vicente\/wp-json\/wp\/v2\/posts\/10386\/revisions\/10388"}],"wp:attachment":[{"href":"https:\/\/blogs.correiobraziliense.com.br\/vicente\/wp-json\/wp\/v2\/media?parent=10386"}],"wp:term":[{"taxonomy":"category","embeddable":true,"href":"https:\/\/blogs.correiobraziliense.com.br\/vicente\/wp-json\/wp\/v2\/categories?post=10386"},{"taxonomy":"post_tag","embeddable":true,"href":"https:\/\/blogs.correiobraziliense.com.br\/vicente\/wp-json\/wp\/v2\/tags?post=10386"}],"curies":[{"name":"wp","href":"https:\/\/api.w.org\/{rel}","templated":true}]}}