{"id":10375,"date":"2019-04-04T15:31:36","date_gmt":"2019-04-04T18:31:36","guid":{"rendered":"https:\/\/blogs.correiobraziliense.com.br\/vicente\/?p=10375"},"modified":"2019-04-04T17:57:54","modified_gmt":"2019-04-04T20:57:54","slug":"o-dem-nao-da-ponto-sem-no-abraco-a-bolsonaro-custara-caro","status":"publish","type":"post","link":"https:\/\/blogs.correiobraziliense.com.br\/vicente\/o-dem-nao-da-ponto-sem-no-abraco-a-bolsonaro-custara-caro\/","title":{"rendered":"O DEM n\u00e3o d\u00e1 ponto sem n\u00f3. Abra\u00e7o a Bolsonaro custar\u00e1 caro"},"content":{"rendered":"<h2>RODOLFO COSTA<\/h2>\n<h2><\/h2>\n<h2>A\u00a0reuni\u00e3o do presidente Jair Bolsonaro com os presidentes nacionais do Centr\u00e3o tem o dedo do DEM. O partido se movimentou internamente para apagar o inc\u00eandio na rela\u00e7\u00e3o entre o governo e o Congresso e para melhorar o relacionamento entre o presidente da C\u00e2mara, Rodrigo\u00a0Maia (DEM-RJ), e o ministro-chefe da Casa Civil, Onyx Lorenzoni (DEM). A prova disso \u00e9 que os encontros nesta quinta-feira (4\/4) foram articulados pelo interlocutor oficial do Pal\u00e1cio do Planalto.<\/h2>\n<p>&nbsp;<\/p>\n<figure id=\"attachment_10378\" aria-describedby=\"caption-attachment-10378\" style=\"width: 593px\" class=\"wp-caption alignleft\"><a href=\"https:\/\/blogs.correiobraziliense.com.br\/vicente\/wp-content\/uploads\/sites\/16\/2019\/04\/BolsonaroDEM.jpg\"><img loading=\"lazy\" decoding=\"async\" class=\" wp-image-10378\" src=\"https:\/\/blogs.correiobraziliense.com.br\/vicente\/wp-content\/uploads\/sites\/16\/2019\/04\/BolsonaroDEM-1024x683.jpg\" alt=\"\" width=\"593\" height=\"395\" srcset=\"https:\/\/blogs.correiobraziliense.com.br\/vicente\/wp-content\/uploads\/sites\/16\/2019\/04\/BolsonaroDEM-1024x683.jpg 1024w, https:\/\/blogs.correiobraziliense.com.br\/vicente\/wp-content\/uploads\/sites\/16\/2019\/04\/BolsonaroDEM-300x200.jpg 300w, https:\/\/blogs.correiobraziliense.com.br\/vicente\/wp-content\/uploads\/sites\/16\/2019\/04\/BolsonaroDEM-768x512.jpg 768w, https:\/\/blogs.correiobraziliense.com.br\/vicente\/wp-content\/uploads\/sites\/16\/2019\/04\/BolsonaroDEM-350x233.jpg 350w, https:\/\/blogs.correiobraziliense.com.br\/vicente\/wp-content\/uploads\/sites\/16\/2019\/04\/BolsonaroDEM-1440x960.jpg 1440w, https:\/\/blogs.correiobraziliense.com.br\/vicente\/wp-content\/uploads\/sites\/16\/2019\/04\/BolsonaroDEM-550x367.jpg 550w, https:\/\/blogs.correiobraziliense.com.br\/vicente\/wp-content\/uploads\/sites\/16\/2019\/04\/BolsonaroDEM-230x153.jpg 230w, https:\/\/blogs.correiobraziliense.com.br\/vicente\/wp-content\/uploads\/sites\/16\/2019\/04\/BolsonaroDEM.jpg 2048w\" sizes=\"auto, (max-width: 593px) 100vw, 593px\" \/><\/a><figcaption id=\"caption-attachment-10378\" class=\"wp-caption-text\"><strong>Foto:<\/strong> Marcos Corr\u00eaa\/PR<\/figcaption><\/figure>\n<p>O objetivo era construir uma rela\u00e7\u00e3o que n\u00e3o mexesse nas articula\u00e7\u00f5es feitas por Maia e Lorenzoni. Como a pauta priorit\u00e1ria do pa\u00eds, a reforma da Previd\u00eancia, est\u00e1 na C\u00e2mara, \u00e9 ele quem tem sido o grande interlocutor no Parlamento. Ele d\u00e1 as cartas e chama as lideran\u00e7as para dialogar. A movimenta\u00e7\u00e3o do DEM foi costurada para instruir que assuntos relacionados ao Executivo sejam conversados com o ministro da Casa Civil, de modo que Maia e Alcolumbre cuidem da agenda legislativa.<\/p>\n<p>&nbsp;<\/p>\n<p>A\u00a0articula\u00e7\u00e3o feita por Lorenzoni vinha sendo desidratada, a ponto de o ministro da Economia, Paulo Guedes, ter crescido politicamente e ser tratado como um articulador informal. O movimento do DEM em apaziguar as rela\u00e7\u00f5es entre Maia e Onyx buscou, assim, fortalecer o ministro.<\/p>\n<p>&nbsp;<\/p>\n<p>Atuaram na for\u00e7a-tarefa para melhorar o relacionamento entre os dois o presidente nacional do partido, ACM Neto, e o presidente do Senado, Davi Alcolumbre (DEM-AP). Participaram, ainda, outras lideran\u00e7as, ainda que de maneira perif\u00e9rica, mas que ajudaram a melhorar o relacionamento, como o deputado Efraim Filho (DEM-PB), um dos vice-presidentes da legenda.<\/p>\n<p>&nbsp;<\/p>\n<p><strong>Enfraquecimento<\/strong><\/p>\n<p>&nbsp;<\/p>\n<p>O esfor\u00e7o n\u00e3o \u00e9 para menos. O DEM entende que o enfraquecimento de Lorenzoni n\u00e3o \u00e9 bom para o partido. Afinal, quanto mais ele se mantiver fortalecido, melhor para o partido. Um ministro da Casa Civil forte atrai pol\u00edticos interessados a se lan\u00e7ar a postos estrat\u00e9gicos nas elei\u00e7\u00f5es municipais de 2020. Um ministro enfraquecido, n\u00e3o.<\/p>\n<p>&nbsp;<\/p>\n<p>A pessoas pr\u00f3ximas, ACM disse, na quarta-feira (3\/4), que a rela\u00e7\u00e3o entre Maia e Onyx est\u00e3o melhores. N\u00e3o \u00e9 um relacionamento que os aproximar\u00e3o em \u00e2mbito pessoal. O discurso \u00e9 de que n\u00e3o \u00e9 para esperar que eles se re\u00fanam para tomar alguma cerveja e confraternizar. Mas, a n\u00edvel profissional, que \u00e9 o que interessa ao partido, o clima mudou.<\/p>\n<p>&nbsp;<\/p>\n<p>O fortalecimento dos principais l\u00edderes do partido \u00e9 favor\u00e1vel sob a \u00f3tica da pol\u00edtica nacional. Lorenzoni puxa cabos eleitorais e candidatos fortes no Rio Grande do Sul. Maia no Rio de Janeiro. E Alcolumbre no Amap\u00e1. E n\u00e3o somente em suas bases eleitorais. O cacife pol\u00edtico dos tr\u00eas, com suporte de ACM, pode favorecer costuras para o fortalecimento do partido em outros estados em 2020 e, consequentemente, nas elei\u00e7\u00f5es de 2022.<\/p>\n<p>&nbsp;<\/p>\n<p>A meta do DEM \u00e9 continuar a expans\u00e3o. E o passo mais pr\u00f3ximo para isso \u00e9 ter foco nas elei\u00e7\u00f5es municipais de 2020. Em 25 de abril, a legenda celebra as conven\u00e7\u00f5es estaduais e, em 30 de maio, ocorre a conven\u00e7\u00e3o nacional. As discuss\u00f5es sobre o crescimento do partido e as diretrizes pol\u00edticas para o futuro naturalmente ser\u00e3o debatidas nos eventos.<\/p>\n<p>&nbsp;<\/p>\n<p>O aumento do DEM n\u00e3o \u00e9 uma amea\u00e7a ao governo e ao PSL. Os dois podem sair ganhando. Entre todos os partidos do Centr\u00e3o com quem Bolsonaro se encontrou, o alinhamento foi mais forte com o partido. O Democratas pode, inclusive, avan\u00e7ar na esteira do PSL. Embora tenha sido um dos partidos que mais se expandiu, por meio da \u201conda Bolsonaro\u201d, ainda n\u00e3o \u00e9 uma legenda com a mesma capilaridade do DEM.<\/p>\n<p>&nbsp;<\/p>\n<p>A ideia \u00e9 a de que, onde o PSL n\u00e3o conseguir emplacar ou n\u00e3o tiver um nome forte suficiente nas pr\u00f3ximas elei\u00e7\u00f5es, o DEM esteja presente. Para isso, precisa manter seus principais articuladores fortalecidos. A interlocu\u00e7\u00e3o feita por Lorenzoni com o Centr\u00e3o n\u00e3o para por hoje. Ele tomou a dianteira e arquitetou um planejamento de reuni\u00f5es cont\u00ednuas com os presidentes e l\u00edderes dos partidos. E, j\u00e1 na pr\u00f3xima semana, articulou reuni\u00f5es para Bolsonaro receber presidentes de outros partidos.<\/p>\n<p>&nbsp;<\/p>\n<p><em>Bras\u00edlia, 15h31min<\/em><\/p>\n","protected":false},"excerpt":{"rendered":"<p>RODOLFO COSTA A\u00a0reuni\u00e3o do presidente Jair Bolsonaro com os presidentes nacionais do Centr\u00e3o tem o dedo do DEM. O partido se movimentou internamente para apagar o inc\u00eandio na rela\u00e7\u00e3o entre o governo e o Congresso e para melhorar o relacionamento entre o presidente da C\u00e2mara, Rodrigo\u00a0Maia (DEM-RJ), e o ministro-chefe da Casa Civil, Onyx Lorenzoni [&hellip;]<\/p>\n","protected":false},"author":22,"featured_media":0,"comment_status":"open","ping_status":"closed","sticky":false,"template":"","format":"standard","meta":{"footnotes":""},"categories":[600],"tags":[2938,2554,659,3029,429,614],"class_list":["post-10375","post","type-post","status-publish","format-standard","hentry","category-economia","tag-apoio","tag-bolsonaro","tag-centrao","tag-dem","tag-previdencia","tag-reforma"],"_links":{"self":[{"href":"https:\/\/blogs.correiobraziliense.com.br\/vicente\/wp-json\/wp\/v2\/posts\/10375","targetHints":{"allow":["GET"]}}],"collection":[{"href":"https:\/\/blogs.correiobraziliense.com.br\/vicente\/wp-json\/wp\/v2\/posts"}],"about":[{"href":"https:\/\/blogs.correiobraziliense.com.br\/vicente\/wp-json\/wp\/v2\/types\/post"}],"author":[{"embeddable":true,"href":"https:\/\/blogs.correiobraziliense.com.br\/vicente\/wp-json\/wp\/v2\/users\/22"}],"replies":[{"embeddable":true,"href":"https:\/\/blogs.correiobraziliense.com.br\/vicente\/wp-json\/wp\/v2\/comments?post=10375"}],"version-history":[{"count":4,"href":"https:\/\/blogs.correiobraziliense.com.br\/vicente\/wp-json\/wp\/v2\/posts\/10375\/revisions"}],"predecessor-version":[{"id":10380,"href":"https:\/\/blogs.correiobraziliense.com.br\/vicente\/wp-json\/wp\/v2\/posts\/10375\/revisions\/10380"}],"wp:attachment":[{"href":"https:\/\/blogs.correiobraziliense.com.br\/vicente\/wp-json\/wp\/v2\/media?parent=10375"}],"wp:term":[{"taxonomy":"category","embeddable":true,"href":"https:\/\/blogs.correiobraziliense.com.br\/vicente\/wp-json\/wp\/v2\/categories?post=10375"},{"taxonomy":"post_tag","embeddable":true,"href":"https:\/\/blogs.correiobraziliense.com.br\/vicente\/wp-json\/wp\/v2\/tags?post=10375"}],"curies":[{"name":"wp","href":"https:\/\/api.w.org\/{rel}","templated":true}]}}