{"id":10356,"date":"2019-04-02T14:10:24","date_gmt":"2019-04-02T17:10:24","guid":{"rendered":"https:\/\/blogs.correiobraziliense.com.br\/vicente\/?p=10356"},"modified":"2019-04-02T19:38:57","modified_gmt":"2019-04-02T22:38:57","slug":"ministro-do-tcu-pode-determinar-afastamento-de-dirigentes-da-receita-por-obstrucao-de-investigacao","status":"publish","type":"post","link":"https:\/\/blogs.correiobraziliense.com.br\/vicente\/ministro-do-tcu-pode-determinar-afastamento-de-dirigentes-da-receita-por-obstrucao-de-investigacao\/","title":{"rendered":"Ministro do TCU pode determinar afastamento de dirigentes da Receita por obstru\u00e7\u00e3o de investiga\u00e7\u00e3o"},"content":{"rendered":"<h2>O ministro Bruno Dantas, do Tribunal de Contas da Uni\u00e3o (TCU), admite, em entrevista ao programa <strong>CB.Poder<\/strong>, do <strong>Correio Braziliense<\/strong> em parceria com a <em>Tev\u00ea Bras\u00edlia<\/em>, que poder\u00e1 determinar, a qualquer momento, o afastamento de dirigentes da Receita Federal, caso continuem dificultando o acesso de auditores da Corte a informa\u00e7\u00f5es sobre como s\u00e3o feitas as fiscaliza\u00e7\u00f5es do Fisco.<\/h2>\n<p>&nbsp;<\/p>\n<p><a href=\"https:\/\/www.facebook.com\/correiobraziliense\/videos\/281204092797460?sfns=mo\">https:\/\/www.facebook.com\/correiobraziliense\/videos\/281204092797460?sfns=mo<\/a><\/p>\n<p>&nbsp;<\/p>\n<p>O TCU, que pode recorrer ao Artigo 44 da Lei 8.443 para afastar dirigentes da Receita, quer saber se os sistemas da Receita definem, de forma aleat\u00f3ria, quais ser\u00e3o os contribuintes investigados por alguma suspeita de irregularidades ou se h\u00e1 direcionamento no processo, de forma a se obter informa\u00e7\u00f5es que possam ser usadas politicamente. As investiga\u00e7\u00f5es do TCU come\u00e7aram depois que dados fiscais do ministro Gilmar Mendes, do Supremo Tribunal Federal (STF), vazaram.<\/p>\n<p>&nbsp;<\/p>\n<p>Dantas \u00e9 enf\u00e1tico quando se refere ao Fisco. &#8220;A Receita Federal \u00e9, dentre todas as institui\u00e7\u00f5es, a mais opaca que existe. Muitas vezes, se esconde por tr\u00e1s da regra de sigilo fiscal para se recusar a mostrar informa\u00e7\u00f5es para \u00f3rg\u00e3os de controle&#8221;, diz. Ele garante que n\u00e3o tem qualquer receio em partir para o enfrentamento com a Receita. &#8220;Se\u00a0n\u00f3s tivermos medo \u00e9 melhor irmos embora. A constitui\u00e7\u00e3o me assegura garantia para n\u00e3o ter medo&#8221;, frisa.<\/p>\n<p>&nbsp;<\/p>\n<p><strong>Comportamento antigo<\/strong><\/p>\n<p>&nbsp;<\/p>\n<p>O ministro reconhece que esse comportamento da Receita \u00e9 antigo, mas o TCU sempre foi condescendente. &#8220;A Receita sempre resistiu (em repassar informa\u00e7\u00f5es) e o TCU sempre foi condescendente. A Receita j\u00e1 foi ao Supremo, que disse que ela n\u00e3o precisaria passar (os dados). Eu, como relator (do processo que investiga o vazamento de informa\u00e7\u00f5es de Gilmar), n\u00e3o serei condescendente. A lei me autoriza a afastar dirigentes da Receita, caso haja dificuldade nas investiga\u00e7\u00f5es. Mas espero que quem dirige (a Receita) tenha a consci\u00eancia do seu papel dentro da lei&#8221;, diz.<\/p>\n<p>&nbsp;<\/p>\n<p>Dantas vai al\u00e9m.\u00a0&#8220;O que que temos agora \u00e9 uma situa\u00e7\u00e3o criminosa: o vazamento de informa\u00e7\u00f5es de autoridades&#8221;. Ele destaca ainda que o\u00a0procurador-geral do TCU, Lucas Rocha Furtado, questiona o algoritmo que a Receita usa para chegar a certas pessoas. &#8220;Todos os\u00a0auditores (escalados pelo TCU) v\u00e3o fazer inspe\u00e7\u00e3o para verificar os crit\u00e9rios. Ser\u00e1 que s\u00e3o impessoais? Ou a conta de chegada \u00e9 porque deseja investigar certas pessoas? Precisamos fazer essa investiga\u00e7\u00e3o. No Estado de direito, n\u00e3o pode prevalecer vontades individuais&#8221;, acrescenta.<\/p>\n<p>&nbsp;<\/p>\n<p>As restri\u00e7\u00f5es impostas pela Receita, inclusive, j\u00e1 impediram o TCU de\u00a0atestar todo o balan\u00e7o-geral da Uni\u00e3o porque o Fisco escondeu informa\u00e7\u00f5es sobre cr\u00e9dito tribut\u00e1rio. O ministro diz que isso n\u00e3o se repetir\u00e1 neste ano.<\/p>\n<p>&nbsp;<\/p>\n<p><em>Bras\u00edlia, 14h10min<\/em><\/p>\n","protected":false},"excerpt":{"rendered":"<p>O ministro Bruno Dantas, do Tribunal de Contas da Uni\u00e3o (TCU), admite, em entrevista ao programa CB.Poder, do Correio Braziliense em parceria com a Tev\u00ea Bras\u00edlia, que poder\u00e1 determinar, a qualquer momento, o afastamento de dirigentes da Receita Federal, caso continuem dificultando o acesso de auditores da Corte a informa\u00e7\u00f5es sobre como s\u00e3o feitas as [&hellip;]<\/p>\n","protected":false},"author":22,"featured_media":10358,"comment_status":"open","ping_status":"closed","sticky":false,"template":"","format":"standard","meta":{"footnotes":""},"categories":[600],"tags":[1219,2212,2407,940,660],"class_list":["post-10356","post","type-post","status-publish","format-standard","has-post-thumbnail","hentry","category-economia","tag-afastamento","tag-bruno-dantas","tag-federal","tag-investigacao","tag-receita"],"_links":{"self":[{"href":"https:\/\/blogs.correiobraziliense.com.br\/vicente\/wp-json\/wp\/v2\/posts\/10356","targetHints":{"allow":["GET"]}}],"collection":[{"href":"https:\/\/blogs.correiobraziliense.com.br\/vicente\/wp-json\/wp\/v2\/posts"}],"about":[{"href":"https:\/\/blogs.correiobraziliense.com.br\/vicente\/wp-json\/wp\/v2\/types\/post"}],"author":[{"embeddable":true,"href":"https:\/\/blogs.correiobraziliense.com.br\/vicente\/wp-json\/wp\/v2\/users\/22"}],"replies":[{"embeddable":true,"href":"https:\/\/blogs.correiobraziliense.com.br\/vicente\/wp-json\/wp\/v2\/comments?post=10356"}],"version-history":[{"count":3,"href":"https:\/\/blogs.correiobraziliense.com.br\/vicente\/wp-json\/wp\/v2\/posts\/10356\/revisions"}],"predecessor-version":[{"id":10362,"href":"https:\/\/blogs.correiobraziliense.com.br\/vicente\/wp-json\/wp\/v2\/posts\/10356\/revisions\/10362"}],"wp:featuredmedia":[{"embeddable":true,"href":"https:\/\/blogs.correiobraziliense.com.br\/vicente\/wp-json\/wp\/v2\/media\/10358"}],"wp:attachment":[{"href":"https:\/\/blogs.correiobraziliense.com.br\/vicente\/wp-json\/wp\/v2\/media?parent=10356"}],"wp:term":[{"taxonomy":"category","embeddable":true,"href":"https:\/\/blogs.correiobraziliense.com.br\/vicente\/wp-json\/wp\/v2\/categories?post=10356"},{"taxonomy":"post_tag","embeddable":true,"href":"https:\/\/blogs.correiobraziliense.com.br\/vicente\/wp-json\/wp\/v2\/tags?post=10356"}],"curies":[{"name":"wp","href":"https:\/\/api.w.org\/{rel}","templated":true}]}}