{"id":10329,"date":"2019-03-28T13:29:39","date_gmt":"2019-03-28T16:29:39","guid":{"rendered":"https:\/\/blogs.correiobraziliense.com.br\/vicente\/?p=10329"},"modified":"2019-03-28T13:29:39","modified_gmt":"2019-03-28T16:29:39","slug":"campos-neto-estrategia-do-bc-para-atuar-sobre-dolar-continua-a-mesma","status":"publish","type":"post","link":"https:\/\/blogs.correiobraziliense.com.br\/vicente\/campos-neto-estrategia-do-bc-para-atuar-sobre-dolar-continua-a-mesma\/","title":{"rendered":"Campos Neto: estrat\u00e9gia do BC para atuar sobre d\u00f3lar continua a mesma"},"content":{"rendered":"<h2>HAMILTON FERRARI<br \/>\nROSANA HESSEL<\/h2>\n<h2><\/h2>\n<h2>O presidente do Banco Central (BC), Roberto Campos Neto, disse, em coletiva de imprensa na manh\u00e3 e tarde desta quinta-feira (28\/3), que n\u00e3o h\u00e1 altera\u00e7\u00e3o na estrat\u00e9gia de atua\u00e7\u00e3o da autoridade monet\u00e1ria no d\u00f3lar. De acordo com ele, o c\u00e2mbio \u00e9 flutuante e caber\u00e1 fazer as interven\u00e7\u00f5es visando suprir a liquidez quando necess\u00e1rio.<\/h2>\n<p>&nbsp;<\/p>\n<p>Na noite desta quarta-feira (27\/3), o Banco Central anunciou uma opera\u00e7\u00e3o de leil\u00e3o de linha no mercado de c\u00e2mbio para esta quarta. Na pr\u00e1tica, \u00e9 venda de d\u00f3lar com compromisso de recompra futura. A atua\u00e7\u00e3o \u00e9 diferente da venda de swaps cambiais, que foi adotada frequentemente em casos de excessos nervosismos na moeda norte-americana durante a gest\u00e3o Ilan Goldfajn.<\/p>\n<p>&nbsp;<\/p>\n<p>De acordo com Campos Neto, n\u00e3o existe nenhuma mudan\u00e7a de estrat\u00e9gia em rela\u00e7\u00e3o ao c\u00e2mbio. \u201cO c\u00e2mbio \u00e9 flutuante. N\u00f3s vamos sempre fazer as interven\u00e7\u00f5es, visando suprir liquidez. Sempre entendendo qual \u00e9 o instrumento que \u00e9 mais demandado. N\u00e3o existe nenhuma estrat\u00e9gia de trocar linha por swaps\u201d, afirmou.<\/p>\n<p>&nbsp;<\/p>\n<p>O Banco Central entendeu que o cupom cambial estava \u201crelativamente\u201d com comportamento desproporcional, segundo ele. \u201cEntendemos que o leil\u00e3o de linha era o modelo apropriado e que o timming era apropriado\u201d, alegou.<\/p>\n<p>&nbsp;<\/p>\n<p>O cen\u00e1rio de incerteza pol\u00edtica envolvendo o Congresso Nacional e o Pal\u00e1cio do Planalto inflaram a preocupa\u00e7\u00e3o dos investidores. A moeda norte-americana operou acima de R$ 4 na manh\u00e3 desta quinta-feira (28\/3). O Ibovespa, principal \u00edndice da Bolsa de Valores de S\u00e3o Paulo (B3), que chegou a ultrapassar 100 mil pontos na \u00faltima semana, tombou para 93 mil.<\/p>\n<p>&nbsp;<\/p>\n<p><strong>R\u00e9deas<\/strong><\/p>\n<p>&nbsp;<\/p>\n<p>Para o diretor de c\u00e2mbio da FB Capital, Fernando Bergallo, a percep\u00e7\u00e3o un\u00e2nime do mercado financeiro \u00e9 que o governo federal vem \u201cperdendo as r\u00e9deas\u201d da articula\u00e7\u00e3o pol\u00edtica na C\u00e2mara para conseguir aprovar a reforma da Previd\u00eancia. Ele ressaltou ainda que o momento \u00e9 de absurda import\u00e2ncia, j\u00e1 que as condi\u00e7\u00f5es das contas p\u00fablicas do pa\u00eds s\u00e3o preocupantes. \u201cAcredito que a possibilidade de a reforma Previdenci\u00e1ria passar atualmente \u00e9 de menos de 50%, pois parece que o Congresso inteiro est\u00e1 jogando contra o Governo\u201d, afirmou.<\/p>\n<p>&nbsp;<\/p>\n<p>Al\u00e9m disso, o economista disse que, caso a situa\u00e7\u00e3o continue assim, existem grandes chances do ministro da Economia, Paulo Guedes, deixar o governo, como ele j\u00e1 sinalizou em duas ocasi\u00f5es. \u201cOu seja, estamos a v\u00e9spera de um momento de caos, o mercado j\u00e1 tinha precificado a aprova\u00e7\u00e3o da Reforma e est\u00e1vamos trabalhando com n\u00edveis de pre\u00e7os considerando isto como certo\u201d, disse Bergallo.<\/p>\n<p>&nbsp;<\/p>\n<p>De acordo com Daniela Casabona, s\u00f3cia-diretora da FB Wealth, o mercado se questiona se o governo tem capacidade de articula\u00e7\u00e3o na C\u00e2mara. \u201cOs investidores est\u00e3o olhando a cena pol\u00edtica, principalmente ap\u00f3s a aprova\u00e7\u00e3o da PEC que aumenta os gastos obrigat\u00f3rios e reduz o poder do Executivo sobre o Or\u00e7amento, isso \u00e9 entendido de forma negativa em rela\u00e7\u00e3o a aprova\u00e7\u00e3o da Reforma da Previd\u00eancia e como uma derrota do governo\u201d, afirmou.<\/p>\n<p>&nbsp;<\/p>\n<p><em>Bras\u00edlia, 13h27min<\/em><\/p>\n","protected":false},"excerpt":{"rendered":"<p>HAMILTON FERRARI ROSANA HESSEL O presidente do Banco Central (BC), Roberto Campos Neto, disse, em coletiva de imprensa na manh\u00e3 e tarde desta quinta-feira (28\/3), que n\u00e3o h\u00e1 altera\u00e7\u00e3o na estrat\u00e9gia de atua\u00e7\u00e3o da autoridade monet\u00e1ria no d\u00f3lar. De acordo com ele, o c\u00e2mbio \u00e9 flutuante e caber\u00e1 fazer as interven\u00e7\u00f5es visando suprir a liquidez [&hellip;]<\/p>\n","protected":false},"author":22,"featured_media":0,"comment_status":"open","ping_status":"closed","sticky":false,"template":"","format":"standard","meta":{"footnotes":""},"categories":[600],"tags":[3,106,3709,343,3271,3710],"class_list":["post-10329","post","type-post","status-publish","format-standard","hentry","category-economia","tag-banco-central","tag-bc","tag-campos","tag-dolar","tag-estrategia","tag-neto"],"_links":{"self":[{"href":"https:\/\/blogs.correiobraziliense.com.br\/vicente\/wp-json\/wp\/v2\/posts\/10329","targetHints":{"allow":["GET"]}}],"collection":[{"href":"https:\/\/blogs.correiobraziliense.com.br\/vicente\/wp-json\/wp\/v2\/posts"}],"about":[{"href":"https:\/\/blogs.correiobraziliense.com.br\/vicente\/wp-json\/wp\/v2\/types\/post"}],"author":[{"embeddable":true,"href":"https:\/\/blogs.correiobraziliense.com.br\/vicente\/wp-json\/wp\/v2\/users\/22"}],"replies":[{"embeddable":true,"href":"https:\/\/blogs.correiobraziliense.com.br\/vicente\/wp-json\/wp\/v2\/comments?post=10329"}],"version-history":[{"count":1,"href":"https:\/\/blogs.correiobraziliense.com.br\/vicente\/wp-json\/wp\/v2\/posts\/10329\/revisions"}],"predecessor-version":[{"id":10330,"href":"https:\/\/blogs.correiobraziliense.com.br\/vicente\/wp-json\/wp\/v2\/posts\/10329\/revisions\/10330"}],"wp:attachment":[{"href":"https:\/\/blogs.correiobraziliense.com.br\/vicente\/wp-json\/wp\/v2\/media?parent=10329"}],"wp:term":[{"taxonomy":"category","embeddable":true,"href":"https:\/\/blogs.correiobraziliense.com.br\/vicente\/wp-json\/wp\/v2\/categories?post=10329"},{"taxonomy":"post_tag","embeddable":true,"href":"https:\/\/blogs.correiobraziliense.com.br\/vicente\/wp-json\/wp\/v2\/tags?post=10329"}],"curies":[{"name":"wp","href":"https:\/\/api.w.org\/{rel}","templated":true}]}}