{"id":10323,"date":"2019-03-28T12:35:01","date_gmt":"2019-03-28T15:35:01","guid":{"rendered":"https:\/\/blogs.correiobraziliense.com.br\/vicente\/?p=10323"},"modified":"2019-03-28T14:40:39","modified_gmt":"2019-03-28T17:40:39","slug":"com-dilma-temer-e-bolsonaro-brasil-tera-pior-decada-da-historia-na-economia","status":"publish","type":"post","link":"https:\/\/blogs.correiobraziliense.com.br\/vicente\/com-dilma-temer-e-bolsonaro-brasil-tera-pior-decada-da-historia-na-economia\/","title":{"rendered":"Com Dilma, Temer e Bolsonaro, Brasil ter\u00e1 pior d\u00e9cada da hist\u00f3ria na economia"},"content":{"rendered":"<h2>Se as proje\u00e7\u00f5es dos especialistas se confirmarem, o Brasil ter\u00e1 a pior d\u00e9cada na economia entre o primeiro mandato de Dilma Rousseff, que come\u00e7ou em 2011, e o segundo ano do governo de Jair Bolsonaro, em 2020. Tudo indica que a m\u00e9dia de crescimento nesse per\u00edodo ficar\u00e1 abaixo de 1%.<\/h2>\n<p>&nbsp;<\/p>\n<p>Nem mesmo na chamada d\u00e9cada perdida, nos anos de 1980, se viu um quadro t\u00e3o perverso. Muito do resultado ruim se deve ao per\u00edodo entre 2014 e 2016, quando a economia brasileira amargou uma das piores recess\u00f5es da hist\u00f3ria. O Produto Interno Bruto (PIB) caiu mais de 7%.<\/p>\n<p>&nbsp;<\/p>\n<p>A expectativa era de que, com a sa\u00edda de Dilma e a posse de Michel Temer, a economia deslanchasse, uma vez que a confian\u00e7a dos agentes financeiros melhorou. Mas as constantes crises na administra\u00e7\u00e3o Temer, que quase foi cassado duas vezes, impediram o avan\u00e7o do PIB, que cresceu 1%, na m\u00e9dia, entre 2017 e 2018.<\/p>\n<p>&nbsp;<\/p>\n<p><strong>Crise pol\u00edtica<\/strong><\/p>\n<p>&nbsp;<\/p>\n<p>A mesma expectativa se criou com a elei\u00e7\u00e3o de Bolsonaro. Alguns economistas chegaram a falar em crescimento de mais de 3% em 2019. \u00c0 medida, por\u00e9m, que a ficha foi caindo, as previs\u00f5es para o PIB despencaram. Na m\u00e9dia do mercado, est\u00e1 em 2%, mesma estimativa feita pelo Banco Central.<\/p>\n<p>&nbsp;<\/p>\n<p>Mas, diante da crise pol\u00edtica detonada pelo embate entre Bolsonaro e o presidente da C\u00e2mara, Rodrigo Maia, que vai atrasar o andamento da reforma da Previd\u00eancia, os analistas passaram a falar em incremento do PIB pr\u00f3ximo de 1%. \u00c9 o caso do economista-chefe da Corretora Necton, Andr\u00e9 Perfeito. Ele reviu a proje\u00e7\u00e3o de crescimento para este de 1,8% para 1,1%.<\/p>\n<p>&nbsp;<\/p>\n<p>O risco de o Brasil ter a pior d\u00e9cada da hist\u00f3ria j\u00e1 vinha sendo alertado pelo economista Marcel Balassiano, pesquisador s\u00eanior da \u00e1rea de Economia Aplicada do Instituto Brasileiro de Economia (Ibre), da Funda\u00e7\u00e3o Get\u00falio Vargas (FGV). Pelos c\u00e1lculos dele, o Brasil s\u00f3 evitar\u00e1 esse vexame se, entre 2019 e 2020, o PIB crescer 5,7% ou mais. Ningu\u00e9m acredita em tal possibilidade.<\/p>\n<p>&nbsp;<\/p>\n<p><em>Bras\u00edlia, 12h35min<\/em><\/p>\n","protected":false},"excerpt":{"rendered":"<p>Se as proje\u00e7\u00f5es dos especialistas se confirmarem, o Brasil ter\u00e1 a pior d\u00e9cada na economia entre o primeiro mandato de Dilma Rousseff, que come\u00e7ou em 2011, e o segundo ano do governo de Jair Bolsonaro, em 2020. Tudo indica que a m\u00e9dia de crescimento nesse per\u00edodo ficar\u00e1 abaixo de 1%. &nbsp; Nem mesmo na chamada [&hellip;]<\/p>\n","protected":false},"author":22,"featured_media":0,"comment_status":"open","ping_status":"closed","sticky":false,"template":"","format":"standard","meta":{"footnotes":""},"categories":[600],"tags":[2554,113,3752,2403,3753,58,125],"class_list":["post-10323","post","type-post","status-publish","format-standard","hentry","category-economia","tag-bolsonaro","tag-crescimento","tag-decada","tag-dilma","tag-perdida","tag-pib","tag-temer"],"_links":{"self":[{"href":"https:\/\/blogs.correiobraziliense.com.br\/vicente\/wp-json\/wp\/v2\/posts\/10323","targetHints":{"allow":["GET"]}}],"collection":[{"href":"https:\/\/blogs.correiobraziliense.com.br\/vicente\/wp-json\/wp\/v2\/posts"}],"about":[{"href":"https:\/\/blogs.correiobraziliense.com.br\/vicente\/wp-json\/wp\/v2\/types\/post"}],"author":[{"embeddable":true,"href":"https:\/\/blogs.correiobraziliense.com.br\/vicente\/wp-json\/wp\/v2\/users\/22"}],"replies":[{"embeddable":true,"href":"https:\/\/blogs.correiobraziliense.com.br\/vicente\/wp-json\/wp\/v2\/comments?post=10323"}],"version-history":[{"count":1,"href":"https:\/\/blogs.correiobraziliense.com.br\/vicente\/wp-json\/wp\/v2\/posts\/10323\/revisions"}],"predecessor-version":[{"id":10327,"href":"https:\/\/blogs.correiobraziliense.com.br\/vicente\/wp-json\/wp\/v2\/posts\/10323\/revisions\/10327"}],"wp:attachment":[{"href":"https:\/\/blogs.correiobraziliense.com.br\/vicente\/wp-json\/wp\/v2\/media?parent=10323"}],"wp:term":[{"taxonomy":"category","embeddable":true,"href":"https:\/\/blogs.correiobraziliense.com.br\/vicente\/wp-json\/wp\/v2\/categories?post=10323"},{"taxonomy":"post_tag","embeddable":true,"href":"https:\/\/blogs.correiobraziliense.com.br\/vicente\/wp-json\/wp\/v2\/tags?post=10323"}],"curies":[{"name":"wp","href":"https:\/\/api.w.org\/{rel}","templated":true}]}}