{"id":10321,"date":"2019-03-28T09:35:01","date_gmt":"2019-03-28T12:35:01","guid":{"rendered":"https:\/\/blogs.correiobraziliense.com.br\/vicente\/?p=10321"},"modified":"2019-03-28T11:21:07","modified_gmt":"2019-03-28T14:21:07","slug":"mercado-ja-fala-em-crescimento-de-apenas-1-neste-ano","status":"publish","type":"post","link":"https:\/\/blogs.correiobraziliense.com.br\/vicente\/mercado-ja-fala-em-crescimento-de-apenas-1-neste-ano\/","title":{"rendered":"Mercado j\u00e1 fala em crescimento de apenas 1% neste ano"},"content":{"rendered":"<h2>Assustados com a crise pol\u00edtica travada entre o governo e o Congresso, que pode travar a reforma da Previd\u00eancia, analistas financeiros revisaram, drasticamente, as proje\u00e7\u00f5es de crescimento deste ano para baixo. Carlos Thadeu Filho, economista-chefe da Ativa Corretora, j\u00e1 fala em avan\u00e7o de apenas 1% para o Produto Interno Bruto (PIB).<\/h2>\n<p>&nbsp;<\/p>\n<p>&#8220;Ainda estamos trabalhando com crescimento de 1,5%, mas, certamente, teremos que revisar esse n\u00famero para baixo dependendo do que ocorrer com a reforma&#8221;, diz Thadeu Filho. Ele ressalta que o primeiro impacto da crise pol\u00edtica foi a queda da confian\u00e7a dos consumidores.<\/p>\n<p>&nbsp;<\/p>\n<p>Nesta quinta-feira, 28 de mar\u00e7o, o Banco Central informou que reviu para baixo a estimativa para o PIB: de 2,4% para 2%. O quadro tra\u00e7ado pelo BC, no entanto, j\u00e1 \u00e9 considerado ultrapassado pelos especialistas. A autoridade monet\u00e1ria est\u00e1 otimista demais, dizem os analistas.<\/p>\n<p>&nbsp;<\/p>\n<p>N\u00e3o por acaso, o clima na equipe econ\u00f4mica \u00e9 p\u00e9ssimo. O otimismo com a reforma da Previd\u00eancia se esvaiu quase que por completo. Os t\u00e9cnicos admitem que, se o Congresso aprovar as propostas feitas pelo governo, a economia prevista ser\u00e1 bem menor do que o R$ 1 trilh\u00e3o esperado pelo ministro Paulo Guedes.<\/p>\n<p>&nbsp;<\/p>\n<p>&#8220;O governo est\u00e1 praticamente parado&#8221;, diz um t\u00e9cnico da equipe econ\u00f4mica. &#8220;Estamos perto de completar 100 dias de governo e nenhum projeto para incrementar o crescimento econ\u00f4mico foi levado adiante&#8221;, acrescenta. &#8220;Com essa crise entre o governo e o Congresso, a situa\u00e7\u00e3o tende a piorar muito&#8221;, emenda.<\/p>\n<p>&nbsp;<\/p>\n<p><em>Bras\u00edlia, 09h35min<\/em><\/p>\n","protected":false},"excerpt":{"rendered":"<p>Assustados com a crise pol\u00edtica travada entre o governo e o Congresso, que pode travar a reforma da Previd\u00eancia, analistas financeiros revisaram, drasticamente, as proje\u00e7\u00f5es de crescimento deste ano para baixo. Carlos Thadeu Filho, economista-chefe da Ativa Corretora, j\u00e1 fala em avan\u00e7o de apenas 1% para o Produto Interno Bruto (PIB). &nbsp; &#8220;Ainda estamos trabalhando [&hellip;]<\/p>\n","protected":false},"author":22,"featured_media":0,"comment_status":"open","ping_status":"closed","sticky":false,"template":"","format":"standard","meta":{"footnotes":""},"categories":[600],"tags":[640,3093,113,753,58],"class_list":["post-10321","post","type-post","status-publish","format-standard","hentry","category-economia","tag-640","tag-carlos-thadeu","tag-crescimento","tag-mercado","tag-pib"],"_links":{"self":[{"href":"https:\/\/blogs.correiobraziliense.com.br\/vicente\/wp-json\/wp\/v2\/posts\/10321","targetHints":{"allow":["GET"]}}],"collection":[{"href":"https:\/\/blogs.correiobraziliense.com.br\/vicente\/wp-json\/wp\/v2\/posts"}],"about":[{"href":"https:\/\/blogs.correiobraziliense.com.br\/vicente\/wp-json\/wp\/v2\/types\/post"}],"author":[{"embeddable":true,"href":"https:\/\/blogs.correiobraziliense.com.br\/vicente\/wp-json\/wp\/v2\/users\/22"}],"replies":[{"embeddable":true,"href":"https:\/\/blogs.correiobraziliense.com.br\/vicente\/wp-json\/wp\/v2\/comments?post=10321"}],"version-history":[{"count":1,"href":"https:\/\/blogs.correiobraziliense.com.br\/vicente\/wp-json\/wp\/v2\/posts\/10321\/revisions"}],"predecessor-version":[{"id":10322,"href":"https:\/\/blogs.correiobraziliense.com.br\/vicente\/wp-json\/wp\/v2\/posts\/10321\/revisions\/10322"}],"wp:attachment":[{"href":"https:\/\/blogs.correiobraziliense.com.br\/vicente\/wp-json\/wp\/v2\/media?parent=10321"}],"wp:term":[{"taxonomy":"category","embeddable":true,"href":"https:\/\/blogs.correiobraziliense.com.br\/vicente\/wp-json\/wp\/v2\/categories?post=10321"},{"taxonomy":"post_tag","embeddable":true,"href":"https:\/\/blogs.correiobraziliense.com.br\/vicente\/wp-json\/wp\/v2\/tags?post=10321"}],"curies":[{"name":"wp","href":"https:\/\/api.w.org\/{rel}","templated":true}]}}