{"id":10284,"date":"2019-03-27T12:32:14","date_gmt":"2019-03-27T15:32:14","guid":{"rendered":"https:\/\/blogs.correiobraziliense.com.br\/vicente\/?p=10284"},"modified":"2019-03-27T12:43:52","modified_gmt":"2019-03-27T15:43:52","slug":"bolsa-cai-mais-de-25-e-dolar-vai-a-r-395-em-meio-a-desarticulacao-do-governo","status":"publish","type":"post","link":"https:\/\/blogs.correiobraziliense.com.br\/vicente\/bolsa-cai-mais-de-25-e-dolar-vai-a-r-395-em-meio-a-desarticulacao-do-governo\/","title":{"rendered":"Bolsa cai mais de 2,5% e d\u00f3lar vai a R$ 3,95 em meio \u00e0 desarticula\u00e7\u00e3o do governo"},"content":{"rendered":"<h2>ROSANA HESSEL<\/h2>\n<h2><\/h2>\n<h2>A falta de articula\u00e7\u00e3o do governo Jair Bolsonaro com o Congresso j\u00e1 est\u00e1 se refletindo nos mercados, que abriram a quarta-feira, 27 de mar\u00e7o, de mau humor, ap\u00f3s v\u00e1rias not\u00edcias negativas em rela\u00e7\u00e3o \u00e0 agenda econ\u00f4mica de ajuste fiscal. H\u00e1 sinais de que a principal reforma, a da Previd\u00eancia, dever\u00e1 levar um longo caminho de tramita\u00e7\u00e3o no Legislativo.<\/h2>\n<h2><\/h2>\n<p>A Bolsa de Valores de S\u00e3o Paulo (B3) est\u00e1 derretendo nesta quarta-feira (27\/03). Pouco antes das 12h, registrava queda de 2,54% em rela\u00e7\u00e3o \u00e0 v\u00e9spera, a 92,8 mil pontos. O d\u00f3lar est\u00e1 em ritmo de alta, cotado a R$ 3,95 para a venda, com valoriza\u00e7\u00e3o de 2,17%.<\/p>\n<p>&nbsp;<\/p>\n<p>A falta de comunica\u00e7\u00e3o interna e externa e a aus\u00eancia do ministro da Economia, Paulo Guedes, na audi\u00eancia da Comiss\u00e3o de Constitui\u00e7\u00e3o e Justi\u00e7a da C\u00e2mara (CCJ) para defender a reforma da Previd\u00eancia, ontem, aumentaram o desconforto dentro da base aliada ainda difusa.<\/p>\n<p>&nbsp;<\/p>\n<p>Al\u00e9m disso, a derrota governista com a aprova\u00e7\u00e3o rel\u00e2mpago, em dois turnos, da PEC do Or\u00e7amento Impositivo, de 2015, pelos deputados na noite de ontem, foi outro ponto negativo. At\u00e9 o filho de Bolsonaro, o deputado Eduardo (PSL-SP), votou a favor em meio ao clima de derrota, deixando especialistas de cabelo em p\u00e9.<\/p>\n<p>&nbsp;<\/p>\n<p>A medida engessa ainda mais o Or\u00e7amento com a obrigatoriedade de execu\u00e7\u00e3o de emendas impositivas que, provavelmente, seriam contingenciadas neste ano, com a tesourada de R$ 29,7 bilh\u00f5es anunciada no \u00faltimo dia 22.<\/p>\n<p>&nbsp;<\/p>\n<p>Diante desse rev\u00e9s, a equipe econ\u00f4mica enfrentar\u00e1 um desafio enorme para conseguir equilibrar as contas que est\u00e3o no vermelho desde 2014. Resta saber como Guedes vai se explicar nesta quarta-feira na Comiss\u00e3o de Assuntos Econ\u00f4micos (CAE), do Senado, onde ele \u00e9 aguardado \u00e0s 14h.<\/p>\n<p>&nbsp;<\/p>\n<p>O clima n\u00e3o est\u00e1 favor\u00e1vel tamb\u00e9m no mercado externo para os pa\u00edses emergentes devido \u00e0s previs\u00f5es de desacelera\u00e7\u00e3o global. Algo que, se concretizado, reduz ainda mais as perspectivas de recupera\u00e7\u00e3o da economia em um ritmo acima de 2% neste ano.<\/p>\n<p>&nbsp;<\/p>\n","protected":false},"excerpt":{"rendered":"<p>ROSANA HESSEL<\/p>\n<p>A vis\u00edvel falta de articula\u00e7\u00e3o do governo Jair Bolsonaro com o Congresso j\u00e1 est\u00e1 se refletindo nos mercados, que abriu o dia de mau humor, com v\u00e1rias not\u00edcias negativas em rela\u00e7\u00e3o \u00e0 agenda econ\u00f4mica de ajuste fiscal dando sinais de que a principal reforma, a da Previd\u00eancia, dever\u00e1 levar um longo caminho de tramita\u00e7\u00e3o no Legislativo. A Bolsa de Valores de S\u00e3o Paulo (B3) est\u00e1 derretendo nesta quarta-feira (27\/03). Pouco antes das 12h tinha registrado queda de\u00a0 2,50% em rela\u00e7\u00e3o \u00e0 v\u00e9spera, a 92,9 mil pontos. O d\u00f3lar est\u00e1 em ritmo de alta acelerado, cotado a R$ 3,95 para a compra, com valoriza\u00e7\u00e3o de 2,17%.<\/p>\n","protected":false},"author":22,"featured_media":0,"comment_status":"open","ping_status":"closed","sticky":false,"template":"","format":"standard","meta":{"footnotes":""},"categories":[600],"tags":[2393,2554,343,3613,933],"class_list":["post-10284","post","type-post","status-publish","format-standard","hentry","category-economia","tag-bolsa","tag-bolsonaro","tag-dolar","tag-paulo-guedes","tag-reforma-da-previdencia"],"_links":{"self":[{"href":"https:\/\/blogs.correiobraziliense.com.br\/vicente\/wp-json\/wp\/v2\/posts\/10284","targetHints":{"allow":["GET"]}}],"collection":[{"href":"https:\/\/blogs.correiobraziliense.com.br\/vicente\/wp-json\/wp\/v2\/posts"}],"about":[{"href":"https:\/\/blogs.correiobraziliense.com.br\/vicente\/wp-json\/wp\/v2\/types\/post"}],"author":[{"embeddable":true,"href":"https:\/\/blogs.correiobraziliense.com.br\/vicente\/wp-json\/wp\/v2\/users\/22"}],"replies":[{"embeddable":true,"href":"https:\/\/blogs.correiobraziliense.com.br\/vicente\/wp-json\/wp\/v2\/comments?post=10284"}],"version-history":[{"count":10,"href":"https:\/\/blogs.correiobraziliense.com.br\/vicente\/wp-json\/wp\/v2\/posts\/10284\/revisions"}],"predecessor-version":[{"id":10295,"href":"https:\/\/blogs.correiobraziliense.com.br\/vicente\/wp-json\/wp\/v2\/posts\/10284\/revisions\/10295"}],"wp:attachment":[{"href":"https:\/\/blogs.correiobraziliense.com.br\/vicente\/wp-json\/wp\/v2\/media?parent=10284"}],"wp:term":[{"taxonomy":"category","embeddable":true,"href":"https:\/\/blogs.correiobraziliense.com.br\/vicente\/wp-json\/wp\/v2\/categories?post=10284"},{"taxonomy":"post_tag","embeddable":true,"href":"https:\/\/blogs.correiobraziliense.com.br\/vicente\/wp-json\/wp\/v2\/tags?post=10284"}],"curies":[{"name":"wp","href":"https:\/\/api.w.org\/{rel}","templated":true}]}}