{"id":10277,"date":"2019-03-26T18:01:55","date_gmt":"2019-03-26T21:01:55","guid":{"rendered":"https:\/\/blogs.correiobraziliense.com.br\/vicente\/?p=10277"},"modified":"2019-03-26T18:53:09","modified_gmt":"2019-03-26T21:53:09","slug":"em-meio-a-trapalhada-da-previdencia-bolsa-sobe-176","status":"publish","type":"post","link":"https:\/\/blogs.correiobraziliense.com.br\/vicente\/em-meio-a-trapalhada-da-previdencia-bolsa-sobe-176\/","title":{"rendered":"Em meio \u00e0 trapalhada da Previd\u00eancia, Bolsa sobe 1,76%"},"content":{"rendered":"<h2>GABRIEL PONTE<\/h2>\n<h2><\/h2>\n<h2>O Ibovespa, principal \u00edndice da Bolsa de Valores de S\u00e3o Paulo (B3), oscilou, no preg\u00e3o desta quarta-feira 26, em meio \u00e0 not\u00edcia de que Paulo Guedes, ministro da Economia, n\u00e3o iria mais comparecer \u00e0 audi\u00eancia da Comiss\u00e3o de Constitui\u00e7\u00e3o e Justi\u00e7a (CCJ) para explicar pontos da Proposta de Emenda \u00e0 Constitui\u00e7\u00e3o (PEC) da Previd\u00eancia aos parlamentares. No entanto, puxado pelo bom humor nas bolsas internacionais, o \u00edndice encerrou a sess\u00e3o de neg\u00f3cios em expressiva alta de 1,76%, aos 95.306 pontos. Foi a primeira sess\u00e3o de ganhos para o \u00edndice, ap\u00f3s cinco recuos.\u00a0J\u00e1 o d\u00f3lar norte-americano encerrou o dia em alta de 0,26%, sendo negociado a R$ 3,867 para venda.<\/h2>\n<p>&nbsp;<\/p>\n<p>Guedes decidiu cancelar a ida \u00e0 CCJ ap\u00f3s ser alertado por aliados do presidente da C\u00e2mara, Rodrigo Maia (DEM-RJ) de que, se houvesse um eventual esvaziamento na comiss\u00e3o, seria sabatinado apenas por deputados da oposi\u00e7\u00e3o. Em nota, o Minist\u00e9rio da Economia afirmou que \u201ca ida do ministro da Economia \u00e0 CCJ ser\u00e1 mais produtiva a partir da defini\u00e7\u00e3o do relator\u201d da reforma.<\/p>\n<p>&nbsp;<\/p>\n<p>Os destaque\u00a0 do dia foram os pap\u00e9is preferenciais da Petrobras, que avan\u00e7aram 4,72%, beneficiados pela alta do barril do petr\u00f3leo tipo Brent. J\u00e1 as a\u00e7\u00f5es ordin\u00e1rias da Vale avan\u00e7aram 1,47%. As duas companhias t\u00eam peso consider\u00e1vel\u00a0na composi\u00e7\u00e3o de carteira do Ibovespa. Entre os ativos do setor financeiro, o pap\u00e9is ordin\u00e1rios do Banco do Brasil apresentaram alta de 2,35%, sustentando os ganhos da Bolsa.<\/p>\n<p>&nbsp;<\/p>\n<p><strong>Exterior<\/strong><\/p>\n<p>&nbsp;<\/p>\n<p>Em meio \u00e0s trapalhadas em torno da Previd\u00eancia,\u00a0o clima positivo no exterior alavancou o Ibovespa. Na Bolsa de Valores de Nova York, o \u00edndice Dow Jones subiu 0,55% e S&amp;P500 teve alta de 0,72%. Na Nasdaq, houve incremento de 0,71%. Na Europa, destaques para o preg\u00e3o de Londres, com alta de 0,26%, de Paris, que subiu 0,89%.<\/p>\n<p>&nbsp;<\/p>\n<p>Para Breno Bonani, analista da Valor Gestora, apesar dos ganhos no exterior, pesou, nos neg\u00f3cios locais, a boa repercuss\u00e3o, por partes dos agentes econ\u00f4micos, da n\u00e3o ida de Paulo Guedes \u00e0 CCJ. \u201cNa minha vis\u00e3o, Paulo Guedes fez bem em n\u00e3o ter ido, ainda mais pela necessidade de decidir o relator da CCJ. O ministro poderia ficar muito exposto a questionamentos, por parte da oposi\u00e7\u00e3o, n\u00e3o relacionados \u00e0 Previd\u00eancia e que poderiam desgastar o assunto\u201d, diz.<\/p>\n<p>&nbsp;<\/p>\n<p>Pedro Galdi, analista de investimentos da Mirae Asset, afirma que pesou, no dia, o tom \u2018dovish\u2019 observado nas atas do Fed e do Copom. \u201cO mercado vivenciou, na \u00faltima semana, preg\u00f5es pesados, em meio \u00e0 preocupa\u00e7\u00e3o com a desacelera\u00e7\u00e3o global, o escalonamento da guerra comercial entre os Estados Unidos e a China, al\u00e9m do Brexit. Hoje, especulou-se que, em um cen\u00e1rio um pouco mais negativo, os BCs poderiam at\u00e9 ser mais amig\u00e1veis. Houve rumores de que o Fed poderia acabar por abaixar os juros nos Estados Unidos.\u201d<\/p>\n<p>&nbsp;<\/p>\n<p>Segundo ele, h\u00e1 tamb\u00e9m expectativas em torno de algum encaminhamento da guerra\u00a0comercial, com o encontro entre autoridades estadunidenses e chinesas nesta semana. \u201cIsso pesou na abertura de bolsas asi\u00e1ticas, europeias, assim como as estadunidenses, que abriram no positivo\u201d, pondera Galdi.<\/p>\n<p>&nbsp;<\/p>\n<p><em>Bras\u00edlia, 18h01min<\/em><\/p>\n","protected":false},"excerpt":{"rendered":"<p>GABRIEL PONTE O Ibovespa, principal \u00edndice da Bolsa de Valores de S\u00e3o Paulo (B3), oscilou, no preg\u00e3o desta quarta-feira 26, em meio \u00e0 not\u00edcia de que Paulo Guedes, ministro da Economia, n\u00e3o iria mais comparecer \u00e0 audi\u00eancia da Comiss\u00e3o de Constitui\u00e7\u00e3o e Justi\u00e7a (CCJ) para explicar pontos da Proposta de Emenda \u00e0 Constitui\u00e7\u00e3o (PEC) da [&hellip;]<\/p>\n","protected":false},"author":22,"featured_media":0,"comment_status":"open","ping_status":"closed","sticky":false,"template":"","format":"standard","meta":{"footnotes":""},"categories":[600],"tags":[2393,343,3613,429,3751],"class_list":["post-10277","post","type-post","status-publish","format-standard","hentry","category-economia","tag-bolsa","tag-dolar","tag-paulo-guedes","tag-previdencia","tag-trapalhada"],"_links":{"self":[{"href":"https:\/\/blogs.correiobraziliense.com.br\/vicente\/wp-json\/wp\/v2\/posts\/10277","targetHints":{"allow":["GET"]}}],"collection":[{"href":"https:\/\/blogs.correiobraziliense.com.br\/vicente\/wp-json\/wp\/v2\/posts"}],"about":[{"href":"https:\/\/blogs.correiobraziliense.com.br\/vicente\/wp-json\/wp\/v2\/types\/post"}],"author":[{"embeddable":true,"href":"https:\/\/blogs.correiobraziliense.com.br\/vicente\/wp-json\/wp\/v2\/users\/22"}],"replies":[{"embeddable":true,"href":"https:\/\/blogs.correiobraziliense.com.br\/vicente\/wp-json\/wp\/v2\/comments?post=10277"}],"version-history":[{"count":2,"href":"https:\/\/blogs.correiobraziliense.com.br\/vicente\/wp-json\/wp\/v2\/posts\/10277\/revisions"}],"predecessor-version":[{"id":10279,"href":"https:\/\/blogs.correiobraziliense.com.br\/vicente\/wp-json\/wp\/v2\/posts\/10277\/revisions\/10279"}],"wp:attachment":[{"href":"https:\/\/blogs.correiobraziliense.com.br\/vicente\/wp-json\/wp\/v2\/media?parent=10277"}],"wp:term":[{"taxonomy":"category","embeddable":true,"href":"https:\/\/blogs.correiobraziliense.com.br\/vicente\/wp-json\/wp\/v2\/categories?post=10277"},{"taxonomy":"post_tag","embeddable":true,"href":"https:\/\/blogs.correiobraziliense.com.br\/vicente\/wp-json\/wp\/v2\/tags?post=10277"}],"curies":[{"name":"wp","href":"https:\/\/api.w.org\/{rel}","templated":true}]}}