{"id":10268,"date":"2019-03-22T20:03:19","date_gmt":"2019-03-22T23:03:19","guid":{"rendered":"https:\/\/blogs.correiobraziliense.com.br\/vicente\/?p=10268"},"modified":"2019-03-22T20:03:19","modified_gmt":"2019-03-22T23:03:19","slug":"destruicao-de-riqueza-perdas-na-bolsa-chegam-a-r-260-bi-na-semana","status":"publish","type":"post","link":"https:\/\/blogs.correiobraziliense.com.br\/vicente\/destruicao-de-riqueza-perdas-na-bolsa-chegam-a-r-260-bi-na-semana\/","title":{"rendered":"Destrui\u00e7\u00e3o de riqueza: perdas na Bolsa chegam a R$ 260 bi na semana"},"content":{"rendered":"<h2>GABRIEL PONTE<\/h2>\n<h2><\/h2>\n<h2>A semana de neg\u00f3cios, na Bolsa de Valores de S\u00e3o Paulo (B3), foi do c\u00e9u ao inferno. No preg\u00e3o de segunda-feira (18\/03)\u00a0o Ibovespa, principal \u00edndice da B3, ultrapassou, durante a sess\u00e3o intradi\u00e1ria, o simb\u00f3lico n\u00edvel dos 100 mil pontos. No entanto, repercutindo, ao longo da semana, o notici\u00e1rio negativo, o \u00edndice passou a reverter a tend\u00eancia de alta para queda. Nos neg\u00f3cios desta sexta-feira (22\/03), encerrou aos 93.735 pontos, em recuo expressivo de 3,10%. \u00c9 o menor n\u00edvel de fechamento desde 11 de janeiro.<\/h2>\n<div dir=\"ltr\"><\/div>\n<div dir=\"ltr\">Entre o pico do \u00edndice (100.037 pontos), e o n\u00edvel alcan\u00e7ado no preg\u00e3o de hoje, o Ibovespa acumulou queda de 6,3%. De acordo com os c\u00e1lculos de Danrlei dos Santos, agente aut\u00f4nomo da Mirae Asset em Bras\u00edlia, em termos de valor de mercado, as empresas listadas na composi\u00e7\u00e3o de carteira da B3, que tinham valor de mercado de R$ 4,1 trilh\u00f5es na segunda-feira, quando o \u00edndice atingiu o recorde no dia, recuaram para a cota\u00e7\u00e3o de R$ 3,8 trilh\u00f5es, destruindo suas riquezas em cerca de R$ 260 bilh\u00f5es.<\/div>\n<div dir=\"ltr\">\n<div class=\"yj6qo ajU\"><\/div>\n<\/div>\n","protected":false},"excerpt":{"rendered":"<p>GABRIEL PONTE A semana de neg\u00f3cios, na Bolsa de Valores de S\u00e3o Paulo (B3), foi do c\u00e9u ao inferno. No preg\u00e3o de segunda-feira (18\/03)\u00a0o Ibovespa, principal \u00edndice da B3, ultrapassou, durante a sess\u00e3o intradi\u00e1ria, o simb\u00f3lico n\u00edvel dos 100 mil pontos. No entanto, repercutindo, ao longo da semana, o notici\u00e1rio negativo, o \u00edndice passou a [&hellip;]<\/p>\n","protected":false},"author":22,"featured_media":0,"comment_status":"open","ping_status":"closed","sticky":false,"template":"","format":"standard","meta":{"footnotes":""},"categories":[600],"tags":[2740,2393,3053,753],"class_list":["post-10268","post","type-post","status-publish","format-standard","hentry","category-economia","tag-b3","tag-bolsa","tag-ibovespa","tag-mercado"],"_links":{"self":[{"href":"https:\/\/blogs.correiobraziliense.com.br\/vicente\/wp-json\/wp\/v2\/posts\/10268","targetHints":{"allow":["GET"]}}],"collection":[{"href":"https:\/\/blogs.correiobraziliense.com.br\/vicente\/wp-json\/wp\/v2\/posts"}],"about":[{"href":"https:\/\/blogs.correiobraziliense.com.br\/vicente\/wp-json\/wp\/v2\/types\/post"}],"author":[{"embeddable":true,"href":"https:\/\/blogs.correiobraziliense.com.br\/vicente\/wp-json\/wp\/v2\/users\/22"}],"replies":[{"embeddable":true,"href":"https:\/\/blogs.correiobraziliense.com.br\/vicente\/wp-json\/wp\/v2\/comments?post=10268"}],"version-history":[{"count":1,"href":"https:\/\/blogs.correiobraziliense.com.br\/vicente\/wp-json\/wp\/v2\/posts\/10268\/revisions"}],"predecessor-version":[{"id":10269,"href":"https:\/\/blogs.correiobraziliense.com.br\/vicente\/wp-json\/wp\/v2\/posts\/10268\/revisions\/10269"}],"wp:attachment":[{"href":"https:\/\/blogs.correiobraziliense.com.br\/vicente\/wp-json\/wp\/v2\/media?parent=10268"}],"wp:term":[{"taxonomy":"category","embeddable":true,"href":"https:\/\/blogs.correiobraziliense.com.br\/vicente\/wp-json\/wp\/v2\/categories?post=10268"},{"taxonomy":"post_tag","embeddable":true,"href":"https:\/\/blogs.correiobraziliense.com.br\/vicente\/wp-json\/wp\/v2\/tags?post=10268"}],"curies":[{"name":"wp","href":"https:\/\/api.w.org\/{rel}","templated":true}]}}