{"id":10252,"date":"2019-03-20T22:11:09","date_gmt":"2019-03-21T01:11:09","guid":{"rendered":"https:\/\/blogs.correiobraziliense.com.br\/vicente\/?p=10252"},"modified":"2019-03-20T22:11:09","modified_gmt":"2019-03-21T01:11:09","slug":"beneficiados-com-reestruturacao-militares-tem-reajustes-desde-2016","status":"publish","type":"post","link":"https:\/\/blogs.correiobraziliense.com.br\/vicente\/beneficiados-com-reestruturacao-militares-tem-reajustes-desde-2016\/","title":{"rendered":"Beneficiados com reestrutura\u00e7\u00e3o, militares t\u00eam reajustes desde 2016"},"content":{"rendered":"<h2>HAMILTON FERRARI<\/h2>\n<h2>Apesar de defenderem que n\u00e3o t\u00eam reestrutura\u00e7\u00e3o das carreiras militares desde 2001, os representantes das For\u00e7as Armadas receberam reajuste salarial desde 2016, ap\u00f3s terem negociados ganhos no governo Dilma Rousseff em 2015. Pelo o que foi acertado, o acr\u00e9scimo no rendimento dos oficiais foi de 27,5% nos \u00faltimos quatro anos.<\/h2>\n<p>&nbsp;<\/p>\n<p>No mesmo per\u00edodo, o rendimento m\u00e9dio do trabalhador da iniciativa privada saltou de R$ 2.185 para R$ 2.270, segundo c\u00e1lculos do Instituto Brasileiro de Geografia e Estat\u00edstica (IBGE). Isso significa um avan\u00e7o de cerca de menos de 4%.<\/p>\n<p>&nbsp;<\/p>\n<p>Os militares foram os \u00fanicos da sociedade a serem contemplados com um projeto de reestrutura\u00e7\u00e3o da carreira em meio \u00e0 reforma da Previd\u00eancia. As mudan\u00e7as na estrutura do funcionalismo das For\u00e7as Armadas est\u00e3o previstas juntas com o texto que altera as regras para a inatividade da categoria. Para alguns parlamentares, o tratamento diferenciado foi mal recebido no Congresso.<\/p>\n<p>&nbsp;<\/p>\n<p>O assessor especial do Minist\u00e9rio da Defesa, general Eduardo Garrido justificou, durante coletiva de imprensa nesta quarta-feira (20\/3), que, se as mesmas regras fossem aplicadas entre civis e militares, a Uni\u00e3o teria um gasto a mais de, pelo menos, R$ 20,7 bilh\u00f5es por ano aos militares. \u201cN\u00f3s n\u00e3o queremos receber isso, porque perder\u00edamos a nossa ess\u00eancia de ser das For\u00e7as Armadas. Mas podemos identificar uma s\u00e9rie de direitos que n\u00e3o s\u00e3o aplicados para n\u00f3s. H\u00e1 uma esp\u00e9cie de contrato entre a sociedade e os militares onde n\u00f3s nos colocamos a disposi\u00e7\u00e3o do estado 24 horas por dia e fazemos o juramento de sacrif\u00edcio da pr\u00f3pria vida pela p\u00e1tria\u201d, afirmou.<\/p>\n<p>&nbsp;<\/p>\n<p>O general elencou, como especificidades, o risco de morte, a aus\u00eancia de adicional noturno, o n\u00e3o ter direito a greve, a r\u00edgida disciplina, al\u00e9m de ter disponibilidade a qualquer momento. \u201cN\u00e3o podemos acumular emprego. N\u00e3o fazemos jus \u00e0s gratifica\u00e7\u00f5es salariais e ao FGTS (Fundo de Garantia por Tempo de Servi\u00e7o). O nosso regime de trabalho \u00e9 de, no m\u00ednimo, oito horas por dias\u201d, exemplificou o general Garrido.<\/p>\n<p>&nbsp;<\/p>\n<p>Apesar das exig\u00eancias, os militares foram contemplados com ganhos salariais de 27,5% nos \u00faltimos quatro anos. Em 2015, o governo de Dilma Rousseff parcelou os ganhos dos oficiais, a come\u00e7ar por 2016. Ou seja, o \u00faltimo reajuste da remunera\u00e7\u00e3o ocorreu em 2019. Al\u00e9m disso, segundo Garrido, o governo gasta, em m\u00e9dia, R$ 81 bilh\u00f5es por ano com a folha de pagamento dos militares. Com a proposta, passariam a ter um implemento de cerca de 5% em 2020.<\/p>\n<p>&nbsp;<\/p>\n<p>A reestrutura\u00e7\u00e3o amplia o volume de gratifica\u00e7\u00f5es aos oficiais das For\u00e7as Armadas.\u00a0O assessor especial ressaltou que, apesar disso, os militares est\u00e3o contribuindo para o empenho nacional em melhorar as contas p\u00fablicas. \u201cSacrif\u00edcio \u00e9 uma palavra que n\u00f3s conhecemos bem. N\u00f3s j\u00e1 nos sacrificamos em 2001 e, por conta disso, j\u00e1 t\u00ednhamos um achatamento salarial desde ent\u00e3o\u201d, afirmou Garrido.<\/p>\n<p>&nbsp;<\/p>\n<p>Perguntado sobre poss\u00edveis altera\u00e7\u00f5es no projeto na C\u00e2mara e no Senado, tanto a equipe econ\u00f4mica, quanto os representantes das For\u00e7as Armadas disseram que o Congresso \u00e9 soberano. \u201cMas n\u00f3s vamos mostrar a eles (parlamentares) os benef\u00edcios do projeto\u201d, alegou o general.<\/p>\n<p>&nbsp;<\/p>\n<p><em>Bras\u00edlia, 20h03min<\/em><\/p>\n<p>&nbsp;<\/p>\n","protected":false},"excerpt":{"rendered":"<p>HAMILTON FERRARI Apesar de defenderem que n\u00e3o t\u00eam reestrutura\u00e7\u00e3o das carreiras militares desde 2001, os representantes das For\u00e7as Armadas receberam reajuste salarial desde 2016, ap\u00f3s terem negociados ganhos no governo Dilma Rousseff em 2015. Pelo o que foi acertado, o acr\u00e9scimo no rendimento dos oficiais foi de 27,5% nos \u00faltimos quatro anos. &nbsp; No mesmo [&hellip;]<\/p>\n","protected":false},"author":22,"featured_media":0,"comment_status":"open","ping_status":"closed","sticky":false,"template":"","format":"standard","meta":{"footnotes":""},"categories":[600],"tags":[],"class_list":["post-10252","post","type-post","status-publish","format-standard","hentry","category-economia"],"_links":{"self":[{"href":"https:\/\/blogs.correiobraziliense.com.br\/vicente\/wp-json\/wp\/v2\/posts\/10252","targetHints":{"allow":["GET"]}}],"collection":[{"href":"https:\/\/blogs.correiobraziliense.com.br\/vicente\/wp-json\/wp\/v2\/posts"}],"about":[{"href":"https:\/\/blogs.correiobraziliense.com.br\/vicente\/wp-json\/wp\/v2\/types\/post"}],"author":[{"embeddable":true,"href":"https:\/\/blogs.correiobraziliense.com.br\/vicente\/wp-json\/wp\/v2\/users\/22"}],"replies":[{"embeddable":true,"href":"https:\/\/blogs.correiobraziliense.com.br\/vicente\/wp-json\/wp\/v2\/comments?post=10252"}],"version-history":[{"count":1,"href":"https:\/\/blogs.correiobraziliense.com.br\/vicente\/wp-json\/wp\/v2\/posts\/10252\/revisions"}],"predecessor-version":[{"id":10253,"href":"https:\/\/blogs.correiobraziliense.com.br\/vicente\/wp-json\/wp\/v2\/posts\/10252\/revisions\/10253"}],"wp:attachment":[{"href":"https:\/\/blogs.correiobraziliense.com.br\/vicente\/wp-json\/wp\/v2\/media?parent=10252"}],"wp:term":[{"taxonomy":"category","embeddable":true,"href":"https:\/\/blogs.correiobraziliense.com.br\/vicente\/wp-json\/wp\/v2\/categories?post=10252"},{"taxonomy":"post_tag","embeddable":true,"href":"https:\/\/blogs.correiobraziliense.com.br\/vicente\/wp-json\/wp\/v2\/tags?post=10252"}],"curies":[{"name":"wp","href":"https:\/\/api.w.org\/{rel}","templated":true}]}}