{"id":10247,"date":"2019-03-20T18:07:24","date_gmt":"2019-03-20T21:07:24","guid":{"rendered":"https:\/\/blogs.correiobraziliense.com.br\/vicente\/?p=10247"},"modified":"2019-03-20T18:13:13","modified_gmt":"2019-03-20T21:13:13","slug":"copom-decide-manter-taxa-selic-em-65-ao-ano-pela-8a-vez-consecutiva","status":"publish","type":"post","link":"https:\/\/blogs.correiobraziliense.com.br\/vicente\/copom-decide-manter-taxa-selic-em-65-ao-ano-pela-8a-vez-consecutiva\/","title":{"rendered":"Copom decide manter taxa Selic em 6,5% ao ano pela 8\u00aa vez consecutiva"},"content":{"rendered":"<h2>HAMILTON FERRARI<\/h2>\n<h2><\/h2>\n<h2>Na primeira reuni\u00e3o do Comit\u00ea de Pol\u00edtica Monet\u00e1ria (Copom) sendo comandado pelo novo presidente do Banco Central (BC), Roberto Campos Neto, a diretoria decidiu, por unanimidade, manter a taxa Selic em 6,5% ao ano. Esta foi o oitavo encontro consecutivo que a autoridade monet\u00e1ria decidiu segurar os juros. A decis\u00e3o vai de acordo com a expectativa do mercado.<\/h2>\n<h2><\/h2>\n<p>Campos Neto n\u00e3o quer correr o risco de mexer na pol\u00edtica monet\u00e1ria neste momento de tanta incerteza. A reforma da Previd\u00eancia em nada avan\u00e7ou no Congresso Nacional. A Comiss\u00e3o de Constitui\u00e7\u00e3o e Justi\u00e7a (CCJ) da C\u00e2mara dos Deputados aguardou o envio do projeto de lei que altera as regras para a inatividade e pens\u00f5es dos militares, que foi encaminhada hoje \u2014 um m\u00eas ap\u00f3s a Proposta de Emenda \u00e0 Constitui\u00e7\u00e3o dos trabalhadores da iniciativa privada e servidores.<\/p>\n<p>&nbsp;<\/p>\n<p>A taxa Selic est\u00e1 em 6,5% ao ano desde mar\u00e7o de 2018, ou seja, h\u00e1 exato um ano. H\u00e1 a expectativa, por\u00e9m, de que os juros caiam assim que as reformas forem aprovadas. Isso porque a infla\u00e7\u00e3o est\u00e1 sob controle e sem perspectivas de ficarem acima do centro da meta, que \u00e9 de 4,25% em 2019 e 4% em 2020.<\/p>\n<p>&nbsp;<\/p>\n<p><strong>Confira o comunicado do BC:<\/strong><\/p>\n<p><em>Indicadores recentes da atividade econ\u00f4mica apontam ritmo aqu\u00e9m do esperado. N\u00e3o obstante, a economia brasileira segue em processo de recupera\u00e7\u00e3o gradual;<\/em><\/p>\n<p><em>O cen\u00e1rio externo permanece desafiador. Por um lado, os riscos associados \u00e0 normaliza\u00e7\u00e3o das taxas de juros em algumas economias avan\u00e7adas recuaram desde a reuni\u00e3o anterior do Copom. Por outro lado, os riscos associados a uma desacelera\u00e7\u00e3o da economia global, em fun\u00e7\u00e3o de diversas incertezas, mostram-se mais elevados;<\/em><\/p>\n<p><em>O Comit\u00ea avalia que diversas medidas de infla\u00e7\u00e3o subjacente se encontram em n\u00edveis apropriados ou confort\u00e1veis, inclusive os componentes mais sens\u00edveis ao ciclo econ\u00f4mico e \u00e0 pol\u00edtica monet\u00e1ria;<\/em><\/p>\n<p><em><strong>As expectativas de infla\u00e7\u00e3o para 2019, 2020 e 2021 apuradas pela pesquisa Focus encontram-se em torno de 3,9%, 4,0% e 3,75%<\/strong>, respectivamente; e<\/em><\/p>\n<p><em>No cen\u00e1rio com trajet\u00f3rias para as taxas de juros e c\u00e2mbio extra\u00eddas da pesquisa Focus, as proje\u00e7\u00f5es do Copom situam-se em torno de 3,9% para 2019 e 3,8% para 2020. Esse cen\u00e1rio sup\u00f5e trajet\u00f3ria de juros que encerra 2019 em 6,5% a.a. e se eleva a 7,75% a.a. em 2020. Tamb\u00e9m sup\u00f5e trajet\u00f3ria para a taxa de c\u00e2mbio que termina 2019 em R$\/US$ 3,70 e 2020 em R$\/US$ 3,75. No cen\u00e1rio com juros constantes a 6,50% a.a. e taxa de c\u00e2mbio constante a R$\/US$ 3,85*, as proje\u00e7\u00f5es situam-se em torno de 4,1% para 2019 e 4,0% para 2020.<\/em><\/p>\n<p><em>O Comit\u00ea ressalta que, em seu cen\u00e1rio b\u00e1sico para a infla\u00e7\u00e3o, permanecem fatores de risco em ambas as dire\u00e7\u00f5es. Por um lado, (i) o n\u00edvel de ociosidade elevado pode produzir trajet\u00f3ria prospectiva abaixo do esperado. Por outro lado, (ii) uma frustra\u00e7\u00e3o das expectativas sobre a continuidade das reformas e ajustes necess\u00e1rios na economia brasileira pode afetar pr\u00eamios de risco e elevar a trajet\u00f3ria da infla\u00e7\u00e3o no horizonte relevante para a pol\u00edtica monet\u00e1ria. O risco (ii) se intensifica no caso de (iii) deteriora\u00e7\u00e3o do cen\u00e1rio externo para economias emergentes. <strong>O Comit\u00ea avalia que o balan\u00e7o de riscos para a infla\u00e7\u00e3o mostra-se sim\u00e9trico<\/strong>.<\/em><\/p>\n<p><em>Considerando o cen\u00e1rio b\u00e1sico, o balan\u00e7o de riscos e o amplo conjunto de informa\u00e7\u00f5es dispon\u00edveis, o Copom decidiu, por unanimidade, pela manuten\u00e7\u00e3o da taxa b\u00e1sica de juros em 6,50% a.a. O Comit\u00ea entende que essa decis\u00e3o reflete seu cen\u00e1rio b\u00e1sico e balan\u00e7o de riscos para a infla\u00e7\u00e3o prospectiva e \u00e9 compat\u00edvel com a converg\u00eancia da infla\u00e7\u00e3o para a meta no horizonte relevante para a condu\u00e7\u00e3o da pol\u00edtica monet\u00e1ria, que inclui o ano-calend\u00e1rio de 2019 e, com peso gradualmente crescente, de 2020.<\/em><\/p>\n<p><em>O Copom reitera que a conjuntura econ\u00f4mica prescreve pol\u00edtica monet\u00e1ria estimulativa, ou seja, com taxas de juros abaixo da taxa estrutural.<\/em><\/p>\n<p><em>O Comit\u00ea enfatiza que a continuidade do processo de reformas e ajustes necess\u00e1rios na economia brasileira \u00e9 essencial para a manuten\u00e7\u00e3o da infla\u00e7\u00e3o baixa no m\u00e9dio e longo prazos, para a queda da taxa de juros estrutural e para a recupera\u00e7\u00e3o sustent\u00e1vel da economia. O Comit\u00ea ressalta ainda que a percep\u00e7\u00e3o de continuidade da agenda de reformas afeta as expectativas e proje\u00e7\u00f5es macroecon\u00f4micas correntes.<\/em><\/p>\n<p><em>Na avalia\u00e7\u00e3o do Copom, a evolu\u00e7\u00e3o do cen\u00e1rio b\u00e1sico e do balan\u00e7o de riscos prescreve manuten\u00e7\u00e3o da taxa Selic no n\u00edvel vigente. O Comit\u00ea julga importante observar o comportamento da economia brasileira ao longo do tempo, com menor grau de incerteza e livre dos efeitos dos diversos choques a que foi submetida no ano passado. O Copom considera que esta avalia\u00e7\u00e3o demanda tempo e n\u00e3o dever\u00e1 ser conclu\u00edda a curto prazo. O Comit\u00ea ressalta que os pr\u00f3ximos passos da pol\u00edtica monet\u00e1ria continuar\u00e3o dependendo da evolu\u00e7\u00e3o da atividade econ\u00f4mica, do balan\u00e7o de riscos e das proje\u00e7\u00f5es e expectativas de infla\u00e7\u00e3o.<\/em><\/p>\n<p><em>O Copom avalia que cautela, serenidade e perseveran\u00e7a nas decis\u00f5es de pol\u00edtica monet\u00e1ria, inclusive diante de cen\u00e1rios vol\u00e1teis, t\u00eam sido \u00fateis na persegui\u00e7\u00e3o de seu objetivo prec\u00edpuo de manter a trajet\u00f3ria da infla\u00e7\u00e3o em dire\u00e7\u00e3o \u00e0s metas.<\/em><\/p>\n<p>&nbsp;<\/p>\n<p><em>Bras\u00edlia, 18h07min<\/em><\/p>\n","protected":false},"excerpt":{"rendered":"<p>HAMILTON FERRARI Na primeira reuni\u00e3o do Comit\u00ea de Pol\u00edtica Monet\u00e1ria (Copom) sendo comandado pelo novo presidente do Banco Central (BC), Roberto Campos Neto, a diretoria decidiu, por unanimidade, manter a taxa Selic em 6,5% ao ano. Esta foi o oitavo encontro consecutivo que a autoridade monet\u00e1ria decidiu segurar os juros. A decis\u00e3o vai de acordo [&hellip;]<\/p>\n","protected":false},"author":22,"featured_media":0,"comment_status":"open","ping_status":"closed","sticky":false,"template":"","format":"standard","meta":{"footnotes":""},"categories":[600],"tags":[106,99,4,34,2836],"class_list":["post-10247","post","type-post","status-publish","format-standard","hentry","category-economia","tag-bc","tag-copom","tag-juros","tag-selic","tag-taxa"],"_links":{"self":[{"href":"https:\/\/blogs.correiobraziliense.com.br\/vicente\/wp-json\/wp\/v2\/posts\/10247","targetHints":{"allow":["GET"]}}],"collection":[{"href":"https:\/\/blogs.correiobraziliense.com.br\/vicente\/wp-json\/wp\/v2\/posts"}],"about":[{"href":"https:\/\/blogs.correiobraziliense.com.br\/vicente\/wp-json\/wp\/v2\/types\/post"}],"author":[{"embeddable":true,"href":"https:\/\/blogs.correiobraziliense.com.br\/vicente\/wp-json\/wp\/v2\/users\/22"}],"replies":[{"embeddable":true,"href":"https:\/\/blogs.correiobraziliense.com.br\/vicente\/wp-json\/wp\/v2\/comments?post=10247"}],"version-history":[{"count":4,"href":"https:\/\/blogs.correiobraziliense.com.br\/vicente\/wp-json\/wp\/v2\/posts\/10247\/revisions"}],"predecessor-version":[{"id":10251,"href":"https:\/\/blogs.correiobraziliense.com.br\/vicente\/wp-json\/wp\/v2\/posts\/10247\/revisions\/10251"}],"wp:attachment":[{"href":"https:\/\/blogs.correiobraziliense.com.br\/vicente\/wp-json\/wp\/v2\/media?parent=10247"}],"wp:term":[{"taxonomy":"category","embeddable":true,"href":"https:\/\/blogs.correiobraziliense.com.br\/vicente\/wp-json\/wp\/v2\/categories?post=10247"},{"taxonomy":"post_tag","embeddable":true,"href":"https:\/\/blogs.correiobraziliense.com.br\/vicente\/wp-json\/wp\/v2\/tags?post=10247"}],"curies":[{"name":"wp","href":"https:\/\/api.w.org\/{rel}","templated":true}]}}