{"id":10232,"date":"2019-03-18T17:20:42","date_gmt":"2019-03-18T20:20:42","guid":{"rendered":"https:\/\/blogs.correiobraziliense.com.br\/vicente\/?p=10232"},"modified":"2019-03-18T17:21:43","modified_gmt":"2019-03-18T20:21:43","slug":"ibovespa-atinge-maxima-historica-mas-nao-fecha-acima-de-100-mil","status":"publish","type":"post","link":"https:\/\/blogs.correiobraziliense.com.br\/vicente\/ibovespa-atinge-maxima-historica-mas-nao-fecha-acima-de-100-mil\/","title":{"rendered":"Ibovespa atinge m\u00e1xima hist\u00f3rica, mas n\u00e3o fecha acima de 100 mil"},"content":{"rendered":"<h2>GABRIEL PONTE<\/h2>\n<h2><\/h2>\n<h2>O Ibovespa, principal \u00edndice da Bolsa de Valores de S\u00e3o Paulo (B3), alcan\u00e7ou, no preg\u00e3o desta segunda-feira (18\/03), o simb\u00f3lico n\u00edvel dos 100 mil pontos durante a sess\u00e3o intradi\u00e1ria, aos 100037 pontos, novo recorde intraday. No entanto, o \u00edndice perdeu for\u00e7a ao longo do preg\u00e3o, mas ainda fechou em alta de 0,86%, aos 99.993 pontos. O volume negociado, no dia, foi de R$ 27,7 bilh\u00f5es.<\/h2>\n<p>&nbsp;<\/p>\n<p>Pesaram, no dia, as expectativas em torno da tramita\u00e7\u00e3o da reforma da Previd\u00eancia, no Congresso Nacional, com o encaminhamento, por parte do governo, do projeto que diz respeito ao sistema de aposentadoria dos militares. A expectativa \u00e9 de que o texto seja enviado, ao parlamento, na quarta-feira (20\/03). Os investidores tamb\u00e9m mantiveram, no radar, as reuni\u00f5es do Federal Open Market Commitee (Fomc, na sigla em ingl\u00eas), que iniciam-se amanh\u00e3 (19\/03).<\/p>\n<p>&nbsp;<\/p>\n<p>Nos Estados Unidos, a perspectiva \u00e9 de que o Federal Reserve (Fed, na sigla em ingl\u00eas), mantenha os juros b\u00e1sicos da economia no atual patamar (2,25%-2,50%) e que sinalize menores perspectivas de aumentos das taxas, em decorr\u00eancia do desaquecimento da economia global.<\/p>\n<p>&nbsp;<\/p>\n<p>J\u00e1 cen\u00e1rio dom\u00e9stico, o Comit\u00ea de Pol\u00edtica Monet\u00e1ria (Copom) re\u00fane-se, pela primeira vez com o economista Roberto Campos Neto \u00e0 frente do Banco Central, tamb\u00e9m nesta ter\u00e7a-feira (19\/03), em encontro que ocorre at\u00e9 a quarta (20\/03). O mercado espera que a Taxa Selic, atualmente no patamar de 6,5%, menor n\u00edvel hist\u00f3rico, seja mantida.<\/p>\n<p>&nbsp;<\/p>\n<p>No dia, os ativos preferenciais da Petrobras (1,88%), al\u00e9m dos ordin\u00e1rios da Ambev (2,98%), companhias com grande peso na composi\u00e7\u00e3o de carteira do Ibovespa, alavancaram o \u00edndice. J\u00e1 o d\u00f3lar comercial encerrou o dia em queda de 0,73%, negociado a R$ 3,792 a venda.<\/p>\n<p>&nbsp;<\/p>\n<p><em>Bras\u00edlia, 17h17min<\/em><\/p>\n","protected":false},"excerpt":{"rendered":"<p>GABRIEL PONTE O Ibovespa, principal \u00edndice da Bolsa de Valores de S\u00e3o Paulo (B3), alcan\u00e7ou, no preg\u00e3o desta segunda-feira (18\/03), o simb\u00f3lico n\u00edvel dos 100 mil pontos durante a sess\u00e3o intradi\u00e1ria, aos 100037 pontos, novo recorde intraday. No entanto, o \u00edndice perdeu for\u00e7a ao longo do preg\u00e3o, mas ainda fechou em alta de 0,86%, aos [&hellip;]<\/p>\n","protected":false},"author":22,"featured_media":0,"comment_status":"open","ping_status":"closed","sticky":false,"template":"","format":"standard","meta":{"footnotes":""},"categories":[600],"tags":[2393,343,3053],"class_list":["post-10232","post","type-post","status-publish","format-standard","hentry","category-economia","tag-bolsa","tag-dolar","tag-ibovespa"],"_links":{"self":[{"href":"https:\/\/blogs.correiobraziliense.com.br\/vicente\/wp-json\/wp\/v2\/posts\/10232","targetHints":{"allow":["GET"]}}],"collection":[{"href":"https:\/\/blogs.correiobraziliense.com.br\/vicente\/wp-json\/wp\/v2\/posts"}],"about":[{"href":"https:\/\/blogs.correiobraziliense.com.br\/vicente\/wp-json\/wp\/v2\/types\/post"}],"author":[{"embeddable":true,"href":"https:\/\/blogs.correiobraziliense.com.br\/vicente\/wp-json\/wp\/v2\/users\/22"}],"replies":[{"embeddable":true,"href":"https:\/\/blogs.correiobraziliense.com.br\/vicente\/wp-json\/wp\/v2\/comments?post=10232"}],"version-history":[{"count":2,"href":"https:\/\/blogs.correiobraziliense.com.br\/vicente\/wp-json\/wp\/v2\/posts\/10232\/revisions"}],"predecessor-version":[{"id":10234,"href":"https:\/\/blogs.correiobraziliense.com.br\/vicente\/wp-json\/wp\/v2\/posts\/10232\/revisions\/10234"}],"wp:attachment":[{"href":"https:\/\/blogs.correiobraziliense.com.br\/vicente\/wp-json\/wp\/v2\/media?parent=10232"}],"wp:term":[{"taxonomy":"category","embeddable":true,"href":"https:\/\/blogs.correiobraziliense.com.br\/vicente\/wp-json\/wp\/v2\/categories?post=10232"},{"taxonomy":"post_tag","embeddable":true,"href":"https:\/\/blogs.correiobraziliense.com.br\/vicente\/wp-json\/wp\/v2\/tags?post=10232"}],"curies":[{"name":"wp","href":"https:\/\/api.w.org\/{rel}","templated":true}]}}