{"id":10226,"date":"2019-03-18T16:23:49","date_gmt":"2019-03-18T19:23:49","guid":{"rendered":"https:\/\/blogs.correiobraziliense.com.br\/vicente\/?p=10226"},"modified":"2019-03-18T16:53:07","modified_gmt":"2019-03-18T19:53:07","slug":"secretaria-do-rio-lancara-pesquisa-sobre-assedio-as-mulheres-no-trabalho","status":"publish","type":"post","link":"https:\/\/blogs.correiobraziliense.com.br\/vicente\/secretaria-do-rio-lancara-pesquisa-sobre-assedio-as-mulheres-no-trabalho\/","title":{"rendered":"Secretaria do Rio lan\u00e7ar\u00e1 pesquisa sobre ass\u00e9dio \u00e0s mulheres no trabalho"},"content":{"rendered":"<h2>HAMILTON FERRARI<\/h2>\n<h2><\/h2>\n<h2>A Secretaria de Estado de Desenvolvimento Social e Direitos Humanos do Rio de Janeiro lan\u00e7ar\u00e1 uma pesquisa para verificar a capacidade de mulheres identificar situa\u00e7\u00f5es de ass\u00e9dio moral e sexual em ambientes de trabalho.<\/h2>\n<p>&nbsp;<\/p>\n<p>O governo do estado pretende gerar informa\u00e7\u00f5es para respaldar a formula\u00e7\u00e3o de pol\u00edticas p\u00fablicas e campanhas de conscientiza\u00e7\u00e3o sobre o tema. A empres\u00e1ria Luiza Brunet \u00e9 madrinha da causa e receber\u00e1 uma esp\u00e9cie de placa comemorativa para homenagear a coragem que teve em se expor e virar voz representativa contra a viol\u00eancia \u00e0 mulher.<\/p>\n","protected":false},"excerpt":{"rendered":"<p>HAMILTON FERRARI A Secretaria de Estado de Desenvolvimento Social e Direitos Humanos do Rio de Janeiro lan\u00e7ar\u00e1 uma pesquisa para verificar a capacidade de mulheres identificar situa\u00e7\u00f5es de ass\u00e9dio moral e sexual em ambientes de trabalho. &nbsp; O governo do estado pretende gerar informa\u00e7\u00f5es para respaldar a formula\u00e7\u00e3o de pol\u00edticas p\u00fablicas e campanhas de conscientiza\u00e7\u00e3o [&hellip;]<\/p>\n","protected":false},"author":22,"featured_media":0,"comment_status":"open","ping_status":"closed","sticky":false,"template":"","format":"standard","meta":{"footnotes":""},"categories":[600],"tags":[3023,3050,465],"class_list":["post-10226","post","type-post","status-publish","format-standard","hentry","category-economia","tag-assedio","tag-mulher","tag-pesquisa"],"_links":{"self":[{"href":"https:\/\/blogs.correiobraziliense.com.br\/vicente\/wp-json\/wp\/v2\/posts\/10226","targetHints":{"allow":["GET"]}}],"collection":[{"href":"https:\/\/blogs.correiobraziliense.com.br\/vicente\/wp-json\/wp\/v2\/posts"}],"about":[{"href":"https:\/\/blogs.correiobraziliense.com.br\/vicente\/wp-json\/wp\/v2\/types\/post"}],"author":[{"embeddable":true,"href":"https:\/\/blogs.correiobraziliense.com.br\/vicente\/wp-json\/wp\/v2\/users\/22"}],"replies":[{"embeddable":true,"href":"https:\/\/blogs.correiobraziliense.com.br\/vicente\/wp-json\/wp\/v2\/comments?post=10226"}],"version-history":[{"count":3,"href":"https:\/\/blogs.correiobraziliense.com.br\/vicente\/wp-json\/wp\/v2\/posts\/10226\/revisions"}],"predecessor-version":[{"id":10230,"href":"https:\/\/blogs.correiobraziliense.com.br\/vicente\/wp-json\/wp\/v2\/posts\/10226\/revisions\/10230"}],"wp:attachment":[{"href":"https:\/\/blogs.correiobraziliense.com.br\/vicente\/wp-json\/wp\/v2\/media?parent=10226"}],"wp:term":[{"taxonomy":"category","embeddable":true,"href":"https:\/\/blogs.correiobraziliense.com.br\/vicente\/wp-json\/wp\/v2\/categories?post=10226"},{"taxonomy":"post_tag","embeddable":true,"href":"https:\/\/blogs.correiobraziliense.com.br\/vicente\/wp-json\/wp\/v2\/tags?post=10226"}],"curies":[{"name":"wp","href":"https:\/\/api.w.org\/{rel}","templated":true}]}}