{"id":10224,"date":"2019-03-18T15:13:16","date_gmt":"2019-03-18T18:13:16","guid":{"rendered":"https:\/\/blogs.correiobraziliense.com.br\/vicente\/?p=10224"},"modified":"2019-03-18T15:13:16","modified_gmt":"2019-03-18T18:13:16","slug":"ibovespa-atinge-o-patamar-historico-dos-100-mil-pontos","status":"publish","type":"post","link":"https:\/\/blogs.correiobraziliense.com.br\/vicente\/ibovespa-atinge-o-patamar-historico-dos-100-mil-pontos\/","title":{"rendered":"Ibovespa atinge o patamar hist\u00f3rico dos 100 mil pontos"},"content":{"rendered":"<h2>GABRIEL PONTE<\/h2>\n<h2><\/h2>\n<h2>O Ibovespa, principal \u00edndice da Bolsa de Valores de S\u00e3o Paulo (B3), alcan\u00e7ou, no preg\u00e3o desta segunda-feira (18\/03), o simb\u00f3lico n\u00edvel dos 100 mil pontos. Apesar da sess\u00e3o de neg\u00f3cios ainda estar operando, o \u00edndice alcan\u00e7ou o n\u00edvel hist\u00f3rico \u00e0s 14h51 (hor\u00e1rio de Bras\u00edlia), chegando, naquele momento, a ganhos de 0,88%. Pesam, no dia, a expectativa em torno da tramita\u00e7\u00e3o da reforma da Previd\u00eancia, no Congresso Nacional, e as reuni\u00f5es do Federal Open Market Commitee (Fomc, na sigla em ingl\u00eas), que inicia-se amanh\u00e3 (19\/03). \u00c0s 15h03 (hor\u00e1rio de Bras\u00edlia), o \u00edndice operava em alta de 0,79%, aos 99.924 pontos.<\/h2>\n<p>&nbsp;<\/p>\n<p>Nos Estados Unidos, a perspectiva \u00e9 de que o Federal Reserve (Fed, na sigla em ingl\u00eas), mantenha os juros b\u00e1sicos da economia no atual patamar (2,25%-2,50%) e que sinalize menores perspectivas de aumentos das taxas, em decorr\u00eancia do desaquecimento da economia global. J\u00e1 cen\u00e1rio dom\u00e9stico, o Comit\u00ea de Pol\u00edtica Monet\u00e1ria (Copom) re\u00fane-se, pela primeira vez com a participa\u00e7\u00e3o do economista Roberto Campos Neto \u00e0 frente do Banco Central, nesta ter\u00e7a-feira (19\/03), em encontro que ocorre at\u00e9 a quarta (20\/03). O mercado espera que a Taxa Selic, atualmente no patamar de 6,5%, o menor n\u00edvel hist\u00f3rico, seja mantida.<\/p>\n<p>&nbsp;<\/p>\n<p>No dia, os ativos preferenciais da Petrobras (1,31%) e Ita\u00faUnibanco (0,57%), al\u00e9m dos ordin\u00e1rios da Ambev (4,12%), companhias com grande peso na composi\u00e7\u00e3o de carteira do Ibovespa, alavancaram o \u00edndice. J\u00e1 o d\u00f3lar comercial opera, no momento, em queda de 0,73%, sendo negociado a R$ 3,792 a venda.<\/p>\n<p>&nbsp;<\/p>\n<p><em>Bras\u00edlia, 15h12min<\/em><\/p>\n","protected":false},"excerpt":{"rendered":"<p>GABRIEL PONTE O Ibovespa, principal \u00edndice da Bolsa de Valores de S\u00e3o Paulo (B3), alcan\u00e7ou, no preg\u00e3o desta segunda-feira (18\/03), o simb\u00f3lico n\u00edvel dos 100 mil pontos. Apesar da sess\u00e3o de neg\u00f3cios ainda estar operando, o \u00edndice alcan\u00e7ou o n\u00edvel hist\u00f3rico \u00e0s 14h51 (hor\u00e1rio de Bras\u00edlia), chegando, naquele momento, a ganhos de 0,88%. Pesam, no [&hellip;]<\/p>\n","protected":false},"author":22,"featured_media":0,"comment_status":"open","ping_status":"closed","sticky":false,"template":"","format":"standard","meta":{"footnotes":""},"categories":[600],"tags":[3741,2393,3053],"class_list":["post-10224","post","type-post","status-publish","format-standard","hentry","category-economia","tag-3741","tag-bolsa","tag-ibovespa"],"_links":{"self":[{"href":"https:\/\/blogs.correiobraziliense.com.br\/vicente\/wp-json\/wp\/v2\/posts\/10224","targetHints":{"allow":["GET"]}}],"collection":[{"href":"https:\/\/blogs.correiobraziliense.com.br\/vicente\/wp-json\/wp\/v2\/posts"}],"about":[{"href":"https:\/\/blogs.correiobraziliense.com.br\/vicente\/wp-json\/wp\/v2\/types\/post"}],"author":[{"embeddable":true,"href":"https:\/\/blogs.correiobraziliense.com.br\/vicente\/wp-json\/wp\/v2\/users\/22"}],"replies":[{"embeddable":true,"href":"https:\/\/blogs.correiobraziliense.com.br\/vicente\/wp-json\/wp\/v2\/comments?post=10224"}],"version-history":[{"count":1,"href":"https:\/\/blogs.correiobraziliense.com.br\/vicente\/wp-json\/wp\/v2\/posts\/10224\/revisions"}],"predecessor-version":[{"id":10225,"href":"https:\/\/blogs.correiobraziliense.com.br\/vicente\/wp-json\/wp\/v2\/posts\/10224\/revisions\/10225"}],"wp:attachment":[{"href":"https:\/\/blogs.correiobraziliense.com.br\/vicente\/wp-json\/wp\/v2\/media?parent=10224"}],"wp:term":[{"taxonomy":"category","embeddable":true,"href":"https:\/\/blogs.correiobraziliense.com.br\/vicente\/wp-json\/wp\/v2\/categories?post=10224"},{"taxonomy":"post_tag","embeddable":true,"href":"https:\/\/blogs.correiobraziliense.com.br\/vicente\/wp-json\/wp\/v2\/tags?post=10224"}],"curies":[{"name":"wp","href":"https:\/\/api.w.org\/{rel}","templated":true}]}}