{"id":10214,"date":"2019-03-14T18:11:59","date_gmt":"2019-03-14T21:11:59","guid":{"rendered":"https:\/\/blogs.correiobraziliense.com.br\/vicente\/?p=10214"},"modified":"2019-03-14T18:11:59","modified_gmt":"2019-03-14T21:11:59","slug":"preco-da-gasolina-sobe-quase-4-em-oito-dias-nas-refinarias","status":"publish","type":"post","link":"https:\/\/blogs.correiobraziliense.com.br\/vicente\/preco-da-gasolina-sobe-quase-4-em-oito-dias-nas-refinarias\/","title":{"rendered":"Pre\u00e7o da gasolina sobe quase 4% em oito dias nas refinarias"},"content":{"rendered":"<h2>MAR\u00cdLIA SENA<\/h2>\n<h2><\/h2>\n<h2>A Petrobras anunciou um novo aumento no pre\u00e7o do litro da gasolina nas refinarias nesta quinta-feira (14\/3). A partir de amanh\u00e3, as distribuidoras v\u00e3o comprar o litro do produto a R$ 1,7966\u00a0para a revenda. A alta j\u00e1 \u00e9 a terceira em menos de uma semana e caracteriza 3,9% de acr\u00e9scimo no pre\u00e7o da <em>commodity<\/em>.<\/h2>\n<h2><\/h2>\n<p>A pol\u00edtica de pre\u00e7os da Petrobras \u00e9 baseada na paridade de importa\u00e7\u00e3o, que \u00e9 formado pelas cota\u00e7\u00f5es internacionais somadas aos custos de importa\u00e7\u00e3o, como transportes e taxas. Os pre\u00e7os m\u00e9dios oferecidos \u00e0s distribuidoras n\u00e3o s\u00e3o os pre\u00e7os finais nos postos, mas influenciam nas bombas.<\/p>\n<p>&nbsp;<\/p>\n<p>Na \u00faltima ter\u00e7a\u00a0(12\/03), o <strong>Blog<\/strong> apurou que o pre\u00e7o do litro da gasolina aumentou 10,27% nos estabelecimentos do Distrito Federal. Passou de R$3,98 para R$4,399, em m\u00e9dia, mas a reportagem chegou a encontrar a R$4,67 em um posto.<\/p>\n<p>&nbsp;<\/p>\n<p><em>Bras\u00edlia, 18h08<\/em><\/p>\n","protected":false},"excerpt":{"rendered":"<p>MAR\u00cdLIA SENA A Petrobras anunciou um novo aumento no pre\u00e7o do litro da gasolina nas refinarias nesta quinta-feira (14\/3). A partir de amanh\u00e3, as distribuidoras v\u00e3o comprar o litro do produto a R$ 1,7966\u00a0para a revenda. A alta j\u00e1 \u00e9 a terceira em menos de uma semana e caracteriza 3,9% de acr\u00e9scimo no pre\u00e7o da [&hellip;]<\/p>\n","protected":false},"author":22,"featured_media":0,"comment_status":"open","ping_status":"closed","sticky":false,"template":"","format":"standard","meta":{"footnotes":""},"categories":[600],"tags":[1532,268,228,390,1960],"class_list":["post-10214","post","type-post","status-publish","format-standard","hentry","category-economia","tag-df","tag-gasolina","tag-petrobras","tag-precos","tag-refinarias"],"_links":{"self":[{"href":"https:\/\/blogs.correiobraziliense.com.br\/vicente\/wp-json\/wp\/v2\/posts\/10214","targetHints":{"allow":["GET"]}}],"collection":[{"href":"https:\/\/blogs.correiobraziliense.com.br\/vicente\/wp-json\/wp\/v2\/posts"}],"about":[{"href":"https:\/\/blogs.correiobraziliense.com.br\/vicente\/wp-json\/wp\/v2\/types\/post"}],"author":[{"embeddable":true,"href":"https:\/\/blogs.correiobraziliense.com.br\/vicente\/wp-json\/wp\/v2\/users\/22"}],"replies":[{"embeddable":true,"href":"https:\/\/blogs.correiobraziliense.com.br\/vicente\/wp-json\/wp\/v2\/comments?post=10214"}],"version-history":[{"count":1,"href":"https:\/\/blogs.correiobraziliense.com.br\/vicente\/wp-json\/wp\/v2\/posts\/10214\/revisions"}],"predecessor-version":[{"id":10215,"href":"https:\/\/blogs.correiobraziliense.com.br\/vicente\/wp-json\/wp\/v2\/posts\/10214\/revisions\/10215"}],"wp:attachment":[{"href":"https:\/\/blogs.correiobraziliense.com.br\/vicente\/wp-json\/wp\/v2\/media?parent=10214"}],"wp:term":[{"taxonomy":"category","embeddable":true,"href":"https:\/\/blogs.correiobraziliense.com.br\/vicente\/wp-json\/wp\/v2\/categories?post=10214"},{"taxonomy":"post_tag","embeddable":true,"href":"https:\/\/blogs.correiobraziliense.com.br\/vicente\/wp-json\/wp\/v2\/tags?post=10214"}],"curies":[{"name":"wp","href":"https:\/\/api.w.org\/{rel}","templated":true}]}}