{"id":10212,"date":"2019-03-14T18:03:04","date_gmt":"2019-03-14T21:03:04","guid":{"rendered":"https:\/\/blogs.correiobraziliense.com.br\/vicente\/?p=10212"},"modified":"2019-03-14T18:03:04","modified_gmt":"2019-03-14T21:03:04","slug":"perto-dos-100-mil-pontos-ibovespa-volta-a-cair-com-exterior-incerto","status":"publish","type":"post","link":"https:\/\/blogs.correiobraziliense.com.br\/vicente\/perto-dos-100-mil-pontos-ibovespa-volta-a-cair-com-exterior-incerto\/","title":{"rendered":"Perto dos 100 mil pontos, Ibovespa volta a cair com exterior incerto"},"content":{"rendered":"<h2>GABRIEL PONTE*<\/h2>\n<h2><\/h2>\n<h2>O Ibovespa, principal \u00edndice da Bolsa de Valores de S\u00e3o Paulo (B3), adiou, novamente, a expectativa de atingir, pela primeira vez, o simb\u00f3lico patamar dos 100 mil pontos, em um preg\u00e3o morno e cauteloso. Na sess\u00e3o desta quinta-feira (14\/03), o \u00edndice encerrou em queda de 0,30%, aos 98.605 pontos, repercutindo dados fracos da economia chinesa, al\u00e9m do adiamento de um eventual encontro entre o presidente norte-americano, Donald Trump, e o chin\u00eas, Xi Jinping. Com isso, no dia, o volume financeiro foi de R$ 12,3 bilh\u00f5es.<\/h2>\n<p>No pa\u00eds asi\u00e1tico, a produ\u00e7\u00e3o industrial, no primeiro bimestre deste ano, foi de 5,3%, abaixo das expectativas do mercado, que apontavam para eleva\u00e7\u00e3o de 5,5%. Acompanhando o mau humor no notici\u00e1rio internacional, Steve Mnuchin, secret\u00e1rio do Tesouro norte-americano, confirmou que um eventual encontro entre autoridades estadunidenses e chinesas para tratar acerca da guerra comercial n\u00e3o deve ocorrer no m\u00eas de mar\u00e7o, frustrando operadores, que apostavam em um fim do imbr\u00f3glio tarif\u00e1rio ainda neste m\u00eas.<\/p>\n<p>&nbsp;<\/p>\n<p>J\u00e1 o d\u00f3lar norte-americano fechou em alta nesta quinta-feira, sendo negociado a R$ 3,849 a venda, em alta de 0,89%, dando fim \u00e0 sequ\u00eancia de quatro quedas consecutivas nas sess\u00f5es de neg\u00f3cios. A divisa estrangeira avan\u00e7ou, frente ao real, repercutindo o cen\u00e1rio internacional, com o prolongamento dos entraves entre China e EUA, al\u00e9m da n\u00e3o resolu\u00e7\u00e3o do Brexit no parlamento brit\u00e2nico.<\/p>\n<p>&nbsp;<\/p>\n<p>J\u00e1 na conjuntura dom\u00e9stica, os investidores acompanham a tramita\u00e7\u00e3o, na Comiss\u00e3o de Constitui\u00e7\u00e3o e Justi\u00e7a (CCJ), da Proposta de Emenda \u00e0 Constitui\u00e7\u00e3o (PEC) da reforma da Previd\u00eancia, que come\u00e7ou, ontem, os trabalhos na C\u00e2mara dos Deputados. O deputado Felipe Francischini (PSL-PR) foi eleito o presidente da CCJ durante o ano de 2019.<\/p>\n<p>&nbsp;<\/p>\n<p><em>Bras\u00edlia, 17h59min<\/em><\/p>\n","protected":false},"excerpt":{"rendered":"<p>GABRIEL PONTE* O Ibovespa, principal \u00edndice da Bolsa de Valores de S\u00e3o Paulo (B3), adiou, novamente, a expectativa de atingir, pela primeira vez, o simb\u00f3lico patamar dos 100 mil pontos, em um preg\u00e3o morno e cauteloso. Na sess\u00e3o desta quinta-feira (14\/03), o \u00edndice encerrou em queda de 0,30%, aos 98.605 pontos, repercutindo dados fracos da [&hellip;]<\/p>\n","protected":false},"author":22,"featured_media":0,"comment_status":"open","ping_status":"closed","sticky":false,"template":"","format":"standard","meta":{"footnotes":""},"categories":[600],"tags":[2393,2799,3053,3740],"class_list":["post-10212","post","type-post","status-publish","format-standard","hentry","category-economia","tag-bolsa","tag-exterior","tag-ibovespa","tag-pontos"],"_links":{"self":[{"href":"https:\/\/blogs.correiobraziliense.com.br\/vicente\/wp-json\/wp\/v2\/posts\/10212","targetHints":{"allow":["GET"]}}],"collection":[{"href":"https:\/\/blogs.correiobraziliense.com.br\/vicente\/wp-json\/wp\/v2\/posts"}],"about":[{"href":"https:\/\/blogs.correiobraziliense.com.br\/vicente\/wp-json\/wp\/v2\/types\/post"}],"author":[{"embeddable":true,"href":"https:\/\/blogs.correiobraziliense.com.br\/vicente\/wp-json\/wp\/v2\/users\/22"}],"replies":[{"embeddable":true,"href":"https:\/\/blogs.correiobraziliense.com.br\/vicente\/wp-json\/wp\/v2\/comments?post=10212"}],"version-history":[{"count":1,"href":"https:\/\/blogs.correiobraziliense.com.br\/vicente\/wp-json\/wp\/v2\/posts\/10212\/revisions"}],"predecessor-version":[{"id":10213,"href":"https:\/\/blogs.correiobraziliense.com.br\/vicente\/wp-json\/wp\/v2\/posts\/10212\/revisions\/10213"}],"wp:attachment":[{"href":"https:\/\/blogs.correiobraziliense.com.br\/vicente\/wp-json\/wp\/v2\/media?parent=10212"}],"wp:term":[{"taxonomy":"category","embeddable":true,"href":"https:\/\/blogs.correiobraziliense.com.br\/vicente\/wp-json\/wp\/v2\/categories?post=10212"},{"taxonomy":"post_tag","embeddable":true,"href":"https:\/\/blogs.correiobraziliense.com.br\/vicente\/wp-json\/wp\/v2\/tags?post=10212"}],"curies":[{"name":"wp","href":"https:\/\/api.w.org\/{rel}","templated":true}]}}