{"id":10210,"date":"2019-03-14T18:38:59","date_gmt":"2019-03-14T21:38:59","guid":{"rendered":"https:\/\/blogs.correiobraziliense.com.br\/vicente\/?p=10210"},"modified":"2019-03-14T19:06:19","modified_gmt":"2019-03-14T22:06:19","slug":"o-mais-lembrado-por-guedes","status":"publish","type":"post","link":"https:\/\/blogs.correiobraziliense.com.br\/vicente\/o-mais-lembrado-por-guedes\/","title":{"rendered":"O mais lembrado por Guedes"},"content":{"rendered":"<h2>ROSANA HESSEL<\/h2>\n<h2><\/h2>\n<h2>O secret\u00e1rio do Tesouro Nacional, Mansueto Almeida, pode ter descido um degrau na escala hier\u00e1rquica na nova configura\u00e7\u00e3o do Minist\u00e9rio da Economia, mas \u00e9 sempre lembrado com defer\u00eancia nos discursos do ministro Paulo Guedes.\u00a0Durante sua fala na cerim\u00f4nia de transmiss\u00e3o de cargo do novo presidente do Banco Central, Roberto Campos Neto, Guedes sugeriu que Mansueto fosse o presidente do Conselho Fiscal, uma esp\u00e9cie de colegiado que funcionaria como o Comit\u00ea de Pol\u00edtica Monet\u00e1ria (Copom), do BC, que decide sobre os juros e que se re\u00fane periodicamente.<\/h2>\n<p>&nbsp;<\/p>\n<p>&#8220;Eu gostaria que a reuni\u00e3o do Conselho Fiscal da Rep\u00fablica fosse mais importante que a do Copom e que ele fosse presidido pelo Mansueto Almeida&#8221;, afirmou Guedes, sugerindo que a classe pol\u00edtica monitorasse se governadores e prefeitos est\u00e3o cumprindo as metas fiscais por meio das atividades desse conselho. Antes, o chefe da secretaria do Tesouro respondia diretamente ao ministro da Fazenda, e, agora, est\u00e1 subordinada \u00e0 secretaria especial de Fazenda, comandada por Waldery Rodrigues.<\/p>\n<p>&nbsp;<\/p>\n<p>Ao defender uma maior import\u00e2ncia para \u00e1rea fiscal com um conselho com status de Copom, Guedes jogou luz para o fato de que a quest\u00e3o fiscal \u00e9 o ponto que precisa ser atacado para a sustenta\u00e7\u00e3o do trip\u00e9 macroecon\u00f4mico, que consiste em infla\u00e7\u00e3o na meta, c\u00e2mbio flutuante e o fiscal equilibrado, com superavit prim\u00e1rio para pagar os juros da d\u00edvida p\u00fablica. Vale lembrar que, desde 2014, as contas da Uni\u00e3o fecham no vermelho.\u00a0N\u00e3o \u00e0 toa, o ministro refor\u00e7ou a import\u00e2ncia do equil\u00edbrio das contas p\u00fablicas, e, para isso depender\u00e1 do avan\u00e7o das reformas. Ele, inclusive, voltou a citar que as duas maiores despesas do or\u00e7amento hoje s\u00e3o Previd\u00eancia e juros, que equivale a &#8220;um Plano Marshal por ano&#8221;, citando o pacote de US$ 100 bilh\u00f5es para reconstruir a Europa ap\u00f3s a Segunda Guerra Mundial.<\/p>\n<p>&nbsp;<\/p>\n<p>&nbsp;<\/p>\n","protected":false},"excerpt":{"rendered":"<p>ROSANA HESSEL O secret\u00e1rio do Tesouro Nacional, Mansueto Almeida, pode ter descido um degrau na escala hier\u00e1rquica na nova configura\u00e7\u00e3o do Minist\u00e9rio da Economia, mas \u00e9 sempre lembrado com defer\u00eancia nos discursos do ministro Paulo Guedes.\u00a0Durante sua fala na cerim\u00f4nia de transmiss\u00e3o de cargo do novo presidente do Banco Central, Roberto Campos Neto, Guedes sugeriu que Mansueto fosse o presidente do Conselho Fiscal, uma esp\u00e9cie de colegiado que funcionaria como o Comit\u00ea de Pol\u00edtica Monet\u00e1ria (Copom), do BC, que decide sobre os juros e que se re\u00fane periodicamente.<\/p>\n","protected":false},"author":22,"featured_media":0,"comment_status":"open","ping_status":"closed","sticky":false,"template":"","format":"standard","meta":{"footnotes":""},"categories":[600],"tags":[589,3616,2855,1637],"class_list":["post-10210","post","type-post","status-publish","format-standard","hentry","category-economia","tag-economia","tag-guedes","tag-mansueto","tag-tesouro"],"_links":{"self":[{"href":"https:\/\/blogs.correiobraziliense.com.br\/vicente\/wp-json\/wp\/v2\/posts\/10210","targetHints":{"allow":["GET"]}}],"collection":[{"href":"https:\/\/blogs.correiobraziliense.com.br\/vicente\/wp-json\/wp\/v2\/posts"}],"about":[{"href":"https:\/\/blogs.correiobraziliense.com.br\/vicente\/wp-json\/wp\/v2\/types\/post"}],"author":[{"embeddable":true,"href":"https:\/\/blogs.correiobraziliense.com.br\/vicente\/wp-json\/wp\/v2\/users\/22"}],"replies":[{"embeddable":true,"href":"https:\/\/blogs.correiobraziliense.com.br\/vicente\/wp-json\/wp\/v2\/comments?post=10210"}],"version-history":[{"count":6,"href":"https:\/\/blogs.correiobraziliense.com.br\/vicente\/wp-json\/wp\/v2\/posts\/10210\/revisions"}],"predecessor-version":[{"id":10220,"href":"https:\/\/blogs.correiobraziliense.com.br\/vicente\/wp-json\/wp\/v2\/posts\/10210\/revisions\/10220"}],"wp:attachment":[{"href":"https:\/\/blogs.correiobraziliense.com.br\/vicente\/wp-json\/wp\/v2\/media?parent=10210"}],"wp:term":[{"taxonomy":"category","embeddable":true,"href":"https:\/\/blogs.correiobraziliense.com.br\/vicente\/wp-json\/wp\/v2\/categories?post=10210"},{"taxonomy":"post_tag","embeddable":true,"href":"https:\/\/blogs.correiobraziliense.com.br\/vicente\/wp-json\/wp\/v2\/tags?post=10210"}],"curies":[{"name":"wp","href":"https:\/\/api.w.org\/{rel}","templated":true}]}}