{"id":10206,"date":"2019-03-13T18:39:00","date_gmt":"2019-03-13T21:39:00","guid":{"rendered":"https:\/\/blogs.correiobraziliense.com.br\/vicente\/?p=10206"},"modified":"2019-03-13T18:39:00","modified_gmt":"2019-03-13T21:39:00","slug":"guedes-sinalizou-que-pode-deixar-o-cargo-se-congresso-esvaziar-reforma","status":"publish","type":"post","link":"https:\/\/blogs.correiobraziliense.com.br\/vicente\/guedes-sinalizou-que-pode-deixar-o-cargo-se-congresso-esvaziar-reforma\/","title":{"rendered":"Guedes sinalizou que pode deixar o cargo se Congresso esvaziar reforma"},"content":{"rendered":"<h2>HAMILTON FERRARI<\/h2>\n<h2>O ministro da Economia, Paulo Guedes, sinalizou que pode deixar o cargo se o Congresso Nacional desidratar a reforma da Previd\u00eancia de forma demasiada. Isso porque ele garantiu que uma economia de R$ 500 bilh\u00f5es em 10 anos n\u00e3o \u00e9 suficiente para permitir a mudan\u00e7a de regimes de reparti\u00e7\u00e3o para o de capitaliza\u00e7\u00e3o.<\/h2>\n<p>&nbsp;<\/p>\n<p>A declara\u00e7\u00e3o ocorreu durante a cerim\u00f4nia de posse do novo presidente do Banco Central (BC), Roberto Campos Neto, que assumiu o cargo no lugar de Ilan Goldfajn. Guedes falou por mais tempo que os dois juntos. Mesmo que em tom de brincadeira, o discurso gerou burburinho na plat\u00e9ia de economistas.<br \/>\nGuedes comparou a situa\u00e7\u00e3o atual como um avi\u00e3o que vai sem combust\u00edvel para o oceano. Enquanto a gera\u00e7\u00e3o atual pula de paraquedas, os filhos e netos ficam na aeronave e v\u00e3o para o \u201cinferno\u201d.<\/p>\n<p>&nbsp;<\/p>\n<p>O ministro tem dito aos parlamentares que, se n\u00e3o aprovar, a derrota n\u00e3o ser\u00e1 da equipe econ\u00f4mica, mas, sim, das futuras gera\u00e7\u00f5es. \u201cVoc\u00eas v\u00e3o derrotar seus filhos e netos. A gera\u00e7\u00e3o contempor\u00e2nea tem essa responsabilidade. Estamos num sistema (previdenci\u00e1rio) de reparti\u00e7\u00e3o que quebrou. Faliu. Antes da popula\u00e7\u00e3o envelhecer. Voc\u00eas querem trazer seus filhos para isso?\u201d, afirmou.<\/p>\n<p>&nbsp;<\/p>\n<p>E exemplificou: \u201cQuer dizer: seu filho entra no mesmo voo condenado, indo para alto mar sem combust\u00edvel. O seu paraquedas voc\u00ea segura e ele vai para o inferno. \u00c9 isso o que essa gera\u00e7\u00e3o quer fazer? Ou essa gera\u00e7\u00e3o tem a coragem de pagar o custo de R$ 1 trilh\u00e3o\u201d, afirmou Guedes.<\/p>\n<p>&nbsp;<\/p>\n<p>Por fim, sinalizou que n\u00e3o faz sentido ficar no cargo se n\u00e3o houver o compromisso fiscal da classe pol\u00edtica. \u201cSe der acima de R$ 1 trilh\u00e3o, eu digo que estamos numa gera\u00e7\u00e3o de pessoas respons\u00e1veis e tem a coragem de assumir o compromisso de libertar filhos e netos de uma maldi\u00e7\u00e3o previdenci\u00e1ria. Se botarem menos, eu vou dizer assim: eu vou sair daqui r\u00e1pido, porque esse pessoal n\u00e3o \u00e9 confi\u00e1vel. N\u00e3o ajudam nem os filhos, ent\u00e3o o que ser\u00e1 que v\u00e3o fazer comigo?\u201d, afirmou o ministro.<\/p>\n<p>&nbsp;<\/p>\n<p><em>Bras\u00edlia, 18h36min<\/em><\/p>\n","protected":false},"excerpt":{"rendered":"<p>HAMILTON FERRARI O ministro da Economia, Paulo Guedes, sinalizou que pode deixar o cargo se o Congresso Nacional desidratar a reforma da Previd\u00eancia de forma demasiada. Isso porque ele garantiu que uma economia de R$ 500 bilh\u00f5es em 10 anos n\u00e3o \u00e9 suficiente para permitir a mudan\u00e7a de regimes de reparti\u00e7\u00e3o para o de capitaliza\u00e7\u00e3o. [&hellip;]<\/p>\n","protected":false},"author":22,"featured_media":0,"comment_status":"open","ping_status":"closed","sticky":false,"template":"","format":"standard","meta":{"footnotes":""},"categories":[600],"tags":[3446,254,3616,914,614],"class_list":["post-10206","post","type-post","status-publish","format-standard","hentry","category-economia","tag-cargo","tag-congresso","tag-guedes","tag-ministro","tag-reforma"],"_links":{"self":[{"href":"https:\/\/blogs.correiobraziliense.com.br\/vicente\/wp-json\/wp\/v2\/posts\/10206","targetHints":{"allow":["GET"]}}],"collection":[{"href":"https:\/\/blogs.correiobraziliense.com.br\/vicente\/wp-json\/wp\/v2\/posts"}],"about":[{"href":"https:\/\/blogs.correiobraziliense.com.br\/vicente\/wp-json\/wp\/v2\/types\/post"}],"author":[{"embeddable":true,"href":"https:\/\/blogs.correiobraziliense.com.br\/vicente\/wp-json\/wp\/v2\/users\/22"}],"replies":[{"embeddable":true,"href":"https:\/\/blogs.correiobraziliense.com.br\/vicente\/wp-json\/wp\/v2\/comments?post=10206"}],"version-history":[{"count":1,"href":"https:\/\/blogs.correiobraziliense.com.br\/vicente\/wp-json\/wp\/v2\/posts\/10206\/revisions"}],"predecessor-version":[{"id":10207,"href":"https:\/\/blogs.correiobraziliense.com.br\/vicente\/wp-json\/wp\/v2\/posts\/10206\/revisions\/10207"}],"wp:attachment":[{"href":"https:\/\/blogs.correiobraziliense.com.br\/vicente\/wp-json\/wp\/v2\/media?parent=10206"}],"wp:term":[{"taxonomy":"category","embeddable":true,"href":"https:\/\/blogs.correiobraziliense.com.br\/vicente\/wp-json\/wp\/v2\/categories?post=10206"},{"taxonomy":"post_tag","embeddable":true,"href":"https:\/\/blogs.correiobraziliense.com.br\/vicente\/wp-json\/wp\/v2\/tags?post=10206"}],"curies":[{"name":"wp","href":"https:\/\/api.w.org\/{rel}","templated":true}]}}