{"id":10204,"date":"2019-03-13T17:55:04","date_gmt":"2019-03-13T20:55:04","guid":{"rendered":"https:\/\/blogs.correiobraziliense.com.br\/vicente\/?p=10204"},"modified":"2019-03-13T17:55:04","modified_gmt":"2019-03-13T20:55:04","slug":"ibovespa-atinge-novo-recorde-em-dia-com-previdencia-e-exterior-no-radar","status":"publish","type":"post","link":"https:\/\/blogs.correiobraziliense.com.br\/vicente\/ibovespa-atinge-novo-recorde-em-dia-com-previdencia-e-exterior-no-radar\/","title":{"rendered":"Ibovespa atinge novo recorde em dia com Previd\u00eancia e exterior no radar"},"content":{"rendered":"<h2>GABRIEL PONTE<\/h2>\n<h2><\/h2>\n<h2>O Ibovespa, principal \u00edndice da Bolsa de Valores de S\u00e3o Paulo (B3), teve uma sess\u00e3o de fortes ganhos nesta quarta-feira (13\/03), encerrando os neg\u00f3cios locais em expressiva alta de 1,10%, aos 98.904 pontos, novo recorde de fechamento. Ao longo do dia, o \u00edndice chegou a ultrapassar o patamar dos 99 mil pontos, quando alcan\u00e7ou os 99.267 pontos, novo recorde intradi\u00e1rio. O volume negociado, no dia, foi de R$ 17,5 bilh\u00f5es.<\/h2>\n<p>&nbsp;<\/p>\n<p>Pesou, no preg\u00e3o, o bom humor do mercado em torno da tramita\u00e7\u00e3o, no Congresso Nacional, da Proposta de Emenda \u00e0 Constitui\u00e7\u00e3o (PEC) da Previd\u00eancia, sendo refor\u00e7ada pelas falas de Paulo Guedes, durante a posse do novo presidente do Banco Central (BC), Roberto Campos Neto, que voltou a defender, veementemente, um ajuste nas contas p\u00fablicas. Tamb\u00e9m teve impacto, nos neg\u00f3cios locais, o bom desempenho dos \u00edndices estadunidenses na Bolsa de Valores de Nova York (NYSE, na sigla em ingl\u00eas), que operava, no dia, em alta. \u00c0s 17h45, os \u00edndices Dow Jones (+0,58%) e o tecnol\u00f3gico Nasdaq (+0,69%) registravam alta na sess\u00e3o norte-americana.<\/p>\n<p>&nbsp;<\/p>\n<p>Pap\u00e9is de companhias com peso na composi\u00e7\u00e3o de carteira do Ibovespa, como Petrobras, cujas a\u00e7\u00f5es preferenciais apresentaram alta de 2,18%, sendo impactadas, diretamente, pela cota\u00e7\u00e3o do barril do petr\u00f3leo no mercado internacional, assim como os ativos ordin\u00e1rios da Vale, os quais valorizaram-se 1,46%, impulsionaram o \u00edndice. Agora, o mercado espera a confirma\u00e7\u00e3o da instala\u00e7\u00e3o da Comiss\u00e3o de Constitui\u00e7\u00e3o e Justi\u00e7a (CCJ), que julga, inicialmente, a admissibilidade da PEC da Previd\u00eancia na C\u00e2mara dos Deputados.<\/p>\n<p>&nbsp;<\/p>\n<p>Em rela\u00e7\u00e3o ao c\u00e2mbio, o d\u00f3lar norte-americano, na sess\u00e3o de neg\u00f3cios, teve leve deprecia\u00e7\u00e3o de 0,08%, sendo negociado a R$ 3,8133 na venda, em meio \u00e0s expectativas dos investidores com o andamento do texto da Previd\u00eancia, no Congresso, assim como pela expectativa, por parte dos agentes econ\u00f4micos, em torno da entrada de recursos provenientes do estrangeiro no pa\u00eds.<\/p>\n<p>&nbsp;<\/p>\n<p><em>Bras\u00edlia, 17h53min<\/em><\/p>\n","protected":false},"excerpt":{"rendered":"<p>GABRIEL PONTE O Ibovespa, principal \u00edndice da Bolsa de Valores de S\u00e3o Paulo (B3), teve uma sess\u00e3o de fortes ganhos nesta quarta-feira (13\/03), encerrando os neg\u00f3cios locais em expressiva alta de 1,10%, aos 98.904 pontos, novo recorde de fechamento. Ao longo do dia, o \u00edndice chegou a ultrapassar o patamar dos 99 mil pontos, quando [&hellip;]<\/p>\n","protected":false},"author":22,"featured_media":0,"comment_status":"open","ping_status":"closed","sticky":false,"template":"","format":"standard","meta":{"footnotes":""},"categories":[600],"tags":[2393,3053,3739],"class_list":["post-10204","post","type-post","status-publish","format-standard","hentry","category-economia","tag-bolsa","tag-ibovespa","tag-previencia"],"_links":{"self":[{"href":"https:\/\/blogs.correiobraziliense.com.br\/vicente\/wp-json\/wp\/v2\/posts\/10204","targetHints":{"allow":["GET"]}}],"collection":[{"href":"https:\/\/blogs.correiobraziliense.com.br\/vicente\/wp-json\/wp\/v2\/posts"}],"about":[{"href":"https:\/\/blogs.correiobraziliense.com.br\/vicente\/wp-json\/wp\/v2\/types\/post"}],"author":[{"embeddable":true,"href":"https:\/\/blogs.correiobraziliense.com.br\/vicente\/wp-json\/wp\/v2\/users\/22"}],"replies":[{"embeddable":true,"href":"https:\/\/blogs.correiobraziliense.com.br\/vicente\/wp-json\/wp\/v2\/comments?post=10204"}],"version-history":[{"count":1,"href":"https:\/\/blogs.correiobraziliense.com.br\/vicente\/wp-json\/wp\/v2\/posts\/10204\/revisions"}],"predecessor-version":[{"id":10205,"href":"https:\/\/blogs.correiobraziliense.com.br\/vicente\/wp-json\/wp\/v2\/posts\/10204\/revisions\/10205"}],"wp:attachment":[{"href":"https:\/\/blogs.correiobraziliense.com.br\/vicente\/wp-json\/wp\/v2\/media?parent=10204"}],"wp:term":[{"taxonomy":"category","embeddable":true,"href":"https:\/\/blogs.correiobraziliense.com.br\/vicente\/wp-json\/wp\/v2\/categories?post=10204"},{"taxonomy":"post_tag","embeddable":true,"href":"https:\/\/blogs.correiobraziliense.com.br\/vicente\/wp-json\/wp\/v2\/tags?post=10204"}],"curies":[{"name":"wp","href":"https:\/\/api.w.org\/{rel}","templated":true}]}}