{"id":10196,"date":"2019-03-12T19:12:09","date_gmt":"2019-03-12T22:12:09","guid":{"rendered":"https:\/\/blogs.correiobraziliense.com.br\/vicente\/?p=10196"},"modified":"2019-03-12T19:12:09","modified_gmt":"2019-03-12T22:12:09","slug":"kim-kataguiri-briga-por-protagonismo-na-reforma-da-previdencia","status":"publish","type":"post","link":"https:\/\/blogs.correiobraziliense.com.br\/vicente\/kim-kataguiri-briga-por-protagonismo-na-reforma-da-previdencia\/","title":{"rendered":"Kim Kataguiri briga por protagonismo na reforma da Previd\u00eancia"},"content":{"rendered":"<h2>ALESSANDRA AZEVEDO<\/h2>\n<h2><\/h2>\n<h2>O deputado Kim Kataguiri (DEM-SP) quer, de qualquer jeito, uma fun\u00e7\u00e3o importante na tramita\u00e7\u00e3o da reforma da Previd\u00eancia. Depois de ter manifestado interesse em ser relator da Proposta de Emenda \u00e0 Constitui\u00e7\u00e3o (PEC) na comiss\u00e3o especial, ele tem pleiteado a relatoria da mat\u00e9ria na Comiss\u00e3o de Constitui\u00e7\u00e3o e Justi\u00e7a (CCJ).<\/h2>\n<p>&nbsp;<\/p>\n<p>Mesmo ainda n\u00e3o tendo sido confirmado pelo partido na comiss\u00e3o, Kim j\u00e1 entrou em contato com o deputado Felipe Francischini (PSL-PR), que deve assumir a presid\u00eancia da CCJ amanh\u00e3 (13\/3), para tratar do assunto. O PSL ainda n\u00e3o divulgou os nomes de quem ficar\u00e1 com as vagas do partido na comiss\u00e3o.<\/p>\n<p>&nbsp;<\/p>\n<p>Al\u00e9m de Kim, a poss\u00edvel vice-presidente do colegiado, Bia Kicis (PSL-DF), tamb\u00e9m se interessa pela relatoria. Ela j\u00e1 se colocou \u00e0 disposi\u00e7\u00e3o de Francischini. Para o deputado, o fato de ela ocupar a vice-presid\u00eancia n\u00e3o \u00e9 impedimento para que seja relatora.<\/p>\n<p>&nbsp;<\/p>\n<p>Francischini disse que o nome ainda n\u00e3o foi definido e que conversar\u00e1 com todos os interessados depois que assumir oficialmente a presid\u00eancia, para verificar quem tem o perfil mais adequado para julgar a admissibilidade da PEC. Ele garantiu que levar\u00e1 em conta a capacidade de avaliar juridicamente o projeto.<\/p>\n<p>&nbsp;<\/p>\n<p><strong>Tramita\u00e7\u00e3o<\/strong><\/p>\n<p>&nbsp;<\/p>\n<p>O deputado tamb\u00e9m mencionou haver opini\u00f5es divergentes a respeito do andamento da reforma da Previd\u00eancia. Alguns colegas consideram que ela s\u00f3 pode come\u00e7ar a tramitar na CCJ a partir de 20 de mar\u00e7o, quando o governo deve enviar a proposta dos militares. Outros acham que j\u00e1 poderia tramitar antes, mas s\u00f3 pode ser votada quando chegar o projeto das For\u00e7as Armadas.<\/p>\n<p>&nbsp;<\/p>\n<p>A ideia de Francischini \u00e9 conversar com os integrantes da comiss\u00e3o para avaliar qual \u00e9 o entendimento da maioria sobre o assunto. Mas, nos bastidores, os deputados consideram que ser\u00e1 praticamente imposs\u00edvel avan\u00e7ar no tema antes do dia 20, mesmo na discuss\u00e3o.<\/p>\n<p>&nbsp;<\/p>\n<p><em>Bras\u00edlia, 19h08min<\/em><\/p>\n","protected":false},"excerpt":{"rendered":"<p>ALESSANDRA AZEVEDO O deputado Kim Kataguiri (DEM-SP) quer, de qualquer jeito, uma fun\u00e7\u00e3o importante na tramita\u00e7\u00e3o da reforma da Previd\u00eancia. Depois de ter manifestado interesse em ser relator da Proposta de Emenda \u00e0 Constitui\u00e7\u00e3o (PEC) na comiss\u00e3o especial, ele tem pleiteado a relatoria da mat\u00e9ria na Comiss\u00e3o de Constitui\u00e7\u00e3o e Justi\u00e7a (CCJ). &nbsp; Mesmo ainda [&hellip;]<\/p>\n","protected":false},"author":22,"featured_media":0,"comment_status":"open","ping_status":"closed","sticky":false,"template":"","format":"standard","meta":{"footnotes":""},"categories":[600],"tags":[2387,2622,3737,3736,429,614,3738],"class_list":["post-10196","post","type-post","status-publish","format-standard","hentry","category-economia","tag-ccj","tag-comissao","tag-kataguiri","tag-kim","tag-previdencia","tag-reforma","tag-relatoria"],"_links":{"self":[{"href":"https:\/\/blogs.correiobraziliense.com.br\/vicente\/wp-json\/wp\/v2\/posts\/10196","targetHints":{"allow":["GET"]}}],"collection":[{"href":"https:\/\/blogs.correiobraziliense.com.br\/vicente\/wp-json\/wp\/v2\/posts"}],"about":[{"href":"https:\/\/blogs.correiobraziliense.com.br\/vicente\/wp-json\/wp\/v2\/types\/post"}],"author":[{"embeddable":true,"href":"https:\/\/blogs.correiobraziliense.com.br\/vicente\/wp-json\/wp\/v2\/users\/22"}],"replies":[{"embeddable":true,"href":"https:\/\/blogs.correiobraziliense.com.br\/vicente\/wp-json\/wp\/v2\/comments?post=10196"}],"version-history":[{"count":1,"href":"https:\/\/blogs.correiobraziliense.com.br\/vicente\/wp-json\/wp\/v2\/posts\/10196\/revisions"}],"predecessor-version":[{"id":10197,"href":"https:\/\/blogs.correiobraziliense.com.br\/vicente\/wp-json\/wp\/v2\/posts\/10196\/revisions\/10197"}],"wp:attachment":[{"href":"https:\/\/blogs.correiobraziliense.com.br\/vicente\/wp-json\/wp\/v2\/media?parent=10196"}],"wp:term":[{"taxonomy":"category","embeddable":true,"href":"https:\/\/blogs.correiobraziliense.com.br\/vicente\/wp-json\/wp\/v2\/categories?post=10196"},{"taxonomy":"post_tag","embeddable":true,"href":"https:\/\/blogs.correiobraziliense.com.br\/vicente\/wp-json\/wp\/v2\/tags?post=10196"}],"curies":[{"name":"wp","href":"https:\/\/api.w.org\/{rel}","templated":true}]}}