{"id":10193,"date":"2019-03-10T17:55:34","date_gmt":"2019-03-10T20:55:34","guid":{"rendered":"https:\/\/blogs.correiobraziliense.com.br\/vicente\/?p=10193"},"modified":"2019-03-10T18:21:01","modified_gmt":"2019-03-10T21:21:01","slug":"bolsonaro-cai-na-real-sem-credibilidade-reforma-nao-anda","status":"publish","type":"post","link":"https:\/\/blogs.correiobraziliense.com.br\/vicente\/bolsonaro-cai-na-real-sem-credibilidade-reforma-nao-anda\/","title":{"rendered":"Bolsonaro cai na real: sem credibilidade, reforma n\u00e3o anda"},"content":{"rendered":"<h2>O presidente Jair Bolsonaro precisou tomar uma sova de cr\u00edticas durante o carnaval para entender que as redes sociais n\u00e3o s\u00e3o suficientes para lhe dar a credibilidade que precisa. Ele pode at\u00e9 usar esses meios para falar com seus eleitores, mas, se quiser atingir os donos do dinheiro, aqueles que fazem a economia andar, precisar\u00e1 recorrer \u00e0 m\u00eddia tradicional que ele tanto odeia.<\/h2>\n<p>&nbsp;<\/p>\n<p><a href=\"https:\/\/blogs.correiobraziliense.com.br\/vicente\/wp-content\/uploads\/sites\/16\/2019\/03\/Bolsonaro2.jpg\"><img loading=\"lazy\" decoding=\"async\" class=\"wp-image-10126 alignleft\" src=\"https:\/\/blogs.correiobraziliense.com.br\/vicente\/wp-content\/uploads\/sites\/16\/2019\/03\/Bolsonaro2.jpg\" alt=\"\" width=\"506\" height=\"337\" srcset=\"https:\/\/blogs.correiobraziliense.com.br\/vicente\/wp-content\/uploads\/sites\/16\/2019\/03\/Bolsonaro2.jpg 820w, https:\/\/blogs.correiobraziliense.com.br\/vicente\/wp-content\/uploads\/sites\/16\/2019\/03\/Bolsonaro2-300x200.jpg 300w, https:\/\/blogs.correiobraziliense.com.br\/vicente\/wp-content\/uploads\/sites\/16\/2019\/03\/Bolsonaro2-768x511.jpg 768w, https:\/\/blogs.correiobraziliense.com.br\/vicente\/wp-content\/uploads\/sites\/16\/2019\/03\/Bolsonaro2-350x233.jpg 350w, https:\/\/blogs.correiobraziliense.com.br\/vicente\/wp-content\/uploads\/sites\/16\/2019\/03\/Bolsonaro2-550x366.jpg 550w, https:\/\/blogs.correiobraziliense.com.br\/vicente\/wp-content\/uploads\/sites\/16\/2019\/03\/Bolsonaro2-230x153.jpg 230w\" sizes=\"auto, (max-width: 506px) 100vw, 506px\" \/><\/a><\/p>\n<p>Nos \u00faltimos dias, um grupo de conselheiros \u2014 a maioria deles, militares \u2014 mostrou a Bolsonaro que ele pode movimentar as massas por meio das redes sociais, mas que n\u00e3o chegar\u00e1 aos formadores de opini\u00e3o, que precisam confiar no projeto de reforma da Previd\u00eancia, pois esses s\u00f3 se informam pela m\u00eddia tradicional, na qual confiam. A internet, para esse p\u00fablico qualificado, \u00e9 terra de ningu\u00e9m.<\/p>\n<p>&nbsp;<\/p>\n<p>N\u00e3o pode acaso, integrantes do alto escal\u00e3o da equipe econ\u00f4mica trataram de sair a campo para falar com os principais ve\u00edculos impressos neste fim de semana. Dessa forma, acreditam, conseguir\u00e3o passar o recado que o governo quer e dirimir as d\u00favidas que v\u00eam assombrando os investidores. Desconfiados, eles derrubaram a Bolsa de Valores e empurraram o d\u00f3lar para o n\u00edvel mais alto do ano.<\/p>\n<p>&nbsp;<\/p>\n<p><strong>O filho Carlos<\/strong><\/p>\n<p>&nbsp;<\/p>\n<p>A tropa de choque escalada para deter o descontrole de Bolsonaro nas redes sociais reconhece que n\u00e3o ser\u00e1 f\u00e1cil manter o presidente na linha, sobretudo pela forte influ\u00eancia do filho Carlos. Ele tem grande ascend\u00eancia sobre o pai e v\u00ea as redes sociais como \u00fanico caminho para se contrap\u00f4r \u00e0s cr\u00edticas que o governo recebe.<\/p>\n<p>&nbsp;<\/p>\n<p>Os conselheiros de Bolsonaro mostraram para ele que uma comunica\u00e7\u00e3o unificada, com foco nos ve\u00edculos tradicionais de comunica\u00e7\u00e3o, ser\u00e1 vital para convencer deputados e senadores a se engajarem \u00e0 reforma da Previd\u00eancia. Assim como os donos do dinheiro, os parlamentares tamb\u00e9m se pautam muito pelos jornais impressos, principalmente.<\/p>\n<p>&nbsp;<\/p>\n<p>&#8220;O presidente pode usar as redes sociais com seu perfil particular para falar mais com os eleitores, mas o discurso do governo tem que ser firme, sem pol\u00eamicas que n\u00e3o levam a nada. Se vamos conseguir, s\u00f3 o tempo dir\u00e1. O certo \u00e9 que estamos convencidos de que, sem a imprensa s\u00e9ria, n\u00e3o chegaremos como queremos aos que verdadeiramente tomam decis\u00f5es&#8221;, diz um integrante do Planalto.<\/p>\n<p>&nbsp;<\/p>\n<p><em>Bras\u00edlia,\u00a0 17h55min<\/em><\/p>\n","protected":false},"excerpt":{"rendered":"<p>O presidente Jair Bolsonaro precisou tomar uma sova de cr\u00edticas durante o carnaval para entender que as redes sociais n\u00e3o s\u00e3o suficientes para lhe dar a credibilidade que precisa. Ele pode at\u00e9 usar esses meios para falar com seus eleitores, mas, se quiser atingir os donos do dinheiro, aqueles que fazem a economia andar, precisar\u00e1 [&hellip;]<\/p>\n","protected":false},"author":22,"featured_media":0,"comment_status":"open","ping_status":"closed","sticky":false,"template":"","format":"standard","meta":{"footnotes":""},"categories":[600],"tags":[2554,3735,429,891,614],"class_list":["post-10193","post","type-post","status-publish","format-standard","hentry","category-economia","tag-bolsonaro","tag-midia","tag-previdencia","tag-redes-sociais","tag-reforma"],"_links":{"self":[{"href":"https:\/\/blogs.correiobraziliense.com.br\/vicente\/wp-json\/wp\/v2\/posts\/10193","targetHints":{"allow":["GET"]}}],"collection":[{"href":"https:\/\/blogs.correiobraziliense.com.br\/vicente\/wp-json\/wp\/v2\/posts"}],"about":[{"href":"https:\/\/blogs.correiobraziliense.com.br\/vicente\/wp-json\/wp\/v2\/types\/post"}],"author":[{"embeddable":true,"href":"https:\/\/blogs.correiobraziliense.com.br\/vicente\/wp-json\/wp\/v2\/users\/22"}],"replies":[{"embeddable":true,"href":"https:\/\/blogs.correiobraziliense.com.br\/vicente\/wp-json\/wp\/v2\/comments?post=10193"}],"version-history":[{"count":1,"href":"https:\/\/blogs.correiobraziliense.com.br\/vicente\/wp-json\/wp\/v2\/posts\/10193\/revisions"}],"predecessor-version":[{"id":10194,"href":"https:\/\/blogs.correiobraziliense.com.br\/vicente\/wp-json\/wp\/v2\/posts\/10193\/revisions\/10194"}],"wp:attachment":[{"href":"https:\/\/blogs.correiobraziliense.com.br\/vicente\/wp-json\/wp\/v2\/media?parent=10193"}],"wp:term":[{"taxonomy":"category","embeddable":true,"href":"https:\/\/blogs.correiobraziliense.com.br\/vicente\/wp-json\/wp\/v2\/categories?post=10193"},{"taxonomy":"post_tag","embeddable":true,"href":"https:\/\/blogs.correiobraziliense.com.br\/vicente\/wp-json\/wp\/v2\/tags?post=10193"}],"curies":[{"name":"wp","href":"https:\/\/api.w.org\/{rel}","templated":true}]}}