{"id":10172,"date":"2019-03-08T12:54:50","date_gmt":"2019-03-08T15:54:50","guid":{"rendered":"https:\/\/blogs.correiobraziliense.com.br\/vicente\/?p=10172"},"modified":"2019-03-08T20:19:55","modified_gmt":"2019-03-08T23:19:55","slug":"diplomata-diz-que-deu-tapa-na-cara-de-mulher-porque-ela-foi-mal-educada","status":"publish","type":"post","link":"https:\/\/blogs.correiobraziliense.com.br\/vicente\/diplomata-diz-que-deu-tapa-na-cara-de-mulher-porque-ela-foi-mal-educada\/","title":{"rendered":"Diplomata diz que deu tapa na cara de mulher porque ela foi &#8220;mal-educada&#8221;"},"content":{"rendered":"<h6>ROSANA HESSEL<\/h6>\n<p>Em e-mail enviado \u00e0 Associa\u00e7\u00e3o e Sindicato dos Diplomatas e para mais de 30 colegas, o conselheiro do Itamaraty, diplomata Leonardo Lott Rodrigues, assume que deu um tapa na cara de uma mulher, mas assegura que &#8220;foi um tapa leve&#8221;. E que tomou essa atitude porque &#8220;ficou at\u00f4nito com a insol\u00eancia&#8221; da jovem, identificada como Ui\u00e1ra Cerqueira.<\/p>\n<p>Ao longo do texto, o diplomata tenta transferir para a mulher a culpa por ele a ter agido de forma violenta. &#8220;Eu fiquei at\u00f4nito com a insol\u00eancia e a exagerada postura agressiva, at\u00e9 porque normalmente as pessoas evitam se comportar assim num acidente, que, reitero, foi provocado pela pessoa em quest\u00e3o. E, num segundo de descontrole, e contrariando meu temperamento e meu comportamento habitual, eu infelizmente dei-lhe um tapa no rosto, mas n\u00e3o com a viol\u00eancia alegada, pois nunca fui violento e n\u00e3o sei agir com viol\u00eancia&#8221;, afirma.<\/p>\n<p>Lott Rodrigues vai al\u00e9m: &#8220;N\u00e3o foi um ato premeditado, nem com inten\u00e7\u00e3o de ferir. Mas foi um erro, que eu deveria ter evitado chamando a pol\u00edcia logo no in\u00edcio do incidente, at\u00e9 mesmo para eles testemunharem a agressividade e arrog\u00e2ncia a mim dirigida&#8221;. Ele acrescenta ainda: &#8220;Estarei alerta para nunca mais permitir que a agressividade e arrog\u00e2ncia de uma pessoa mal educada provoque em mim qualquer rea\u00e7\u00e3o que volte a macular minha imagem e minha reputa\u00e7\u00e3o&#8221;.<\/p>\n<p>Procurado, o Itamaraty informou que ainda continua averiguando o caso e solicitou uma corre\u00e7\u00e3o em rela\u00e7\u00e3o \u00e0s informa\u00e7\u00f5es publicadas anteriormente e que haviam sido passadas ao <strong>Blog<\/strong>. &#8220;C<span style=\"font-weight: 400\">umpre informar que o Conselheiro Leonardo Lott Rodrigues n\u00e3o est\u00e1 lotado na Corregedoria do Minist\u00e9rio. A sua lota\u00e7\u00e3o atual \u00e9 a Inspetoria do Servi\u00e7o Exterior (unidade respons\u00e1vel pela an\u00e1lise operacional dos postos no exterior). A Inspetoria do Servi\u00e7o Exterior n\u00e3o \u00e9 a unidade respons\u00e1vel por apurar quest\u00f5es relativas \u00e0 conduta de servidores&#8221;, informou o \u00f3rg\u00e3o. <\/span><\/p>\n<h2>Veja a \u00edntegra da carta de Lott Rodrigues enviada \u00e0 Associa\u00e7\u00e3o dos Diplomatas:<\/h2>\n<p><em>&#8220;Venho me manifestar a prop\u00f3sito de relato que circula nas redes sociais sobre incidente envolvendo a minha pessoa. Sinto-me compelido a me dirigir ao Minist\u00e9rio das Rela\u00e7\u00f5es Exteriores, institui\u00e7\u00e3o cujo nome respeito e pelo qual sempre zelei, e \u00e0 qual dedico o melhor dos meus esfor\u00e7os pessoais e profissionais, para esclarecer aspectos do ocorrido que foram omitidos, ou exagerados, no relato a que me refiro.<\/em><\/p>\n<p><em>Colegas e funcion\u00e1rios que j\u00e1 trabalharam comigo me conhecem como um homem gentil, correto e equilibrado, imagem que cultivei com afinco ao longo de 25 anos de trabalho, no Brasil e no exterior.\u00a0<\/em><em>Infelizmente, eu, que sempre sou calmo e controlado, que jamais tive incidentes ou participa\u00e7\u00e3o em atos violentos, muito menos f\u00edsicos, que nunca fui deliberadamente desagrad\u00e1vel com ningu\u00e9m, nem verbalmente e muito menos fisicamente, me vi de repente envolvido numa situa\u00e7\u00e3o muito inusitada, que me deixou assustado, e ainda estou desconcertado com o que aconteceu.<\/em><\/p>\n<p><em>Um acidente de tr\u00e2nsito sem gravidade, ocorrido por volta das 20h de 05\/03\/2019, nas imedia\u00e7\u00f5es no Setor Comercial Sul, motivou o incidente. Contrariamente ao que diz o relato, o acidente n\u00e3o foi de minha responsabilidade, e uma per\u00edcia t\u00e9cnica facilmente poder\u00e1 comprovar o fato. Por isso, e pelo fato da colis\u00e3o ter sido leve, desci do meu carro com calma para resolver o assunto. Infelizmente para mim, a pessoa que conduzia o outro carro mostrou-se muito agressiva e j\u00e1 se aproximou me agredindo verbalmente, me acusando pelo ocorrido, me tratando de maneira muito impr\u00f3pria dada a situa\u00e7\u00e3o, at\u00e9 porque a pol\u00edcia estava nas proximidades.<\/em><\/p>\n<p><em>Essas agress\u00f5es verbais, do tipo \u201cvoc\u00ea sabe com quem estava falando\u201d foram disparadas quando a jovem motorista estava muito pr\u00f3xima de mim, de modo que s\u00f3 eu a ouvi. Eu fiquei at\u00f4nito com a insol\u00eancia e a exagerada postura agressiva, at\u00e9 porque normalmente as pessoas evitam se comportar assim num acidente, que, reitero, foi provocado pela pessoa em quest\u00e3o. E, num segundo de descontrole, e contrariando meu temperamento e meu comportamento habitual, eu infelizmente dei-lhe um tapa no rosto, mas n\u00e3o com a viol\u00eancia alegada, pois nunca fui violento e n\u00e3o sei agir com viol\u00eancia.<\/em><\/p>\n<p><em>N\u00e3o foi um ato premeditado, nem com inten\u00e7\u00e3o de ferir. Mas foi um erro, que eu deveria ter evitado chamando a pol\u00edcia logo no in\u00edcio do incidente, at\u00e9 mesmo para eles testemunharem a agressividade e arrog\u00e2ncia a mim dirigida. Minha rea\u00e7\u00e3o infeliz se aproxima da surpresa de ser agredido verbalmente por uma pessoa t\u00e3o jovem, que deveria ter algum respeito pelas pessoas mais velhas, sobretudo por algu\u00e9m que tem idade para ser pai dela.<\/em><\/p>\n<p><em>Sei que n\u00e3o estou no meu direito e que cometi um erro grave, do qual me arrependo e pelo qual me desculpo. Sou respons\u00e1vel pelos meus atos e responderei pelo meu erro perante a justi\u00e7a. Sou um homem \u00edntegro, raz\u00e3o pela qual responderia pelo meu erro mesmo se eu n\u00e3o fosse diplomata e o incidente n\u00e3o tivesse tido nenhuma repercuss\u00e3o medi\u00e1tica.<\/em><\/p>\n<p><em>Busco apenas me redimir perante amigos, colegas e funcion\u00e1rios com quem j\u00e1 trabalhei, especialmente as do sexo feminino. Tenho certeza de que todas as mulheres que trabalharam comigo se lembram de mim como um homem que sempre as tratou com considera\u00e7\u00e3o, carinho e respeito. A elas prometo que esse epis\u00f3dio, que tanto me entristeceu, n\u00e3o mais se repetir\u00e1, pois tratou-se de uma falta de controle diante de uma agress\u00e3o inesperada. Estarei alerta para nunca mais permitir que a agressividade e arrog\u00e2ncia de uma pessoa mal educada provoque em mim qualquer rea\u00e7\u00e3o que volte a macular minha imagem e minha reputa\u00e7\u00e3o.&#8221;<\/em><\/p>\n<p><em>Bras\u00edlia, 12h54min<\/em><\/p>\n","protected":false},"excerpt":{"rendered":"<p>ROSANA HESSEL Em e-mail enviado \u00e0 Associa\u00e7\u00e3o e Sindicato dos Diplomatas e para mais de 30 colegas, o conselheiro do Itamaraty, diplomata Leonardo Lott Rodrigues, assume que deu um tapa na cara de uma mulher, mas assegura que &#8220;foi um tapa leve&#8221;. E que tomou essa atitude porque &#8220;ficou at\u00f4nito com a insol\u00eancia&#8221; da jovem, [&hellip;]<\/p>\n","protected":false},"author":22,"featured_media":10176,"comment_status":"open","ping_status":"closed","sticky":false,"template":"","format":"standard","meta":{"footnotes":""},"categories":[600],"tags":[3111,329,3730,3732,3050,3731,3726],"class_list":["post-10172","post","type-post","status-publish","format-standard","has-post-thumbnail","hentry","category-economia","tag-diplomata","tag-itamaraty","tag-lott","tag-mal-educada","tag-mulher","tag-rodrigues","tag-tapa-na-cara"],"_links":{"self":[{"href":"https:\/\/blogs.correiobraziliense.com.br\/vicente\/wp-json\/wp\/v2\/posts\/10172","targetHints":{"allow":["GET"]}}],"collection":[{"href":"https:\/\/blogs.correiobraziliense.com.br\/vicente\/wp-json\/wp\/v2\/posts"}],"about":[{"href":"https:\/\/blogs.correiobraziliense.com.br\/vicente\/wp-json\/wp\/v2\/types\/post"}],"author":[{"embeddable":true,"href":"https:\/\/blogs.correiobraziliense.com.br\/vicente\/wp-json\/wp\/v2\/users\/22"}],"replies":[{"embeddable":true,"href":"https:\/\/blogs.correiobraziliense.com.br\/vicente\/wp-json\/wp\/v2\/comments?post=10172"}],"version-history":[{"count":10,"href":"https:\/\/blogs.correiobraziliense.com.br\/vicente\/wp-json\/wp\/v2\/posts\/10172\/revisions"}],"predecessor-version":[{"id":10192,"href":"https:\/\/blogs.correiobraziliense.com.br\/vicente\/wp-json\/wp\/v2\/posts\/10172\/revisions\/10192"}],"wp:featuredmedia":[{"embeddable":true,"href":"https:\/\/blogs.correiobraziliense.com.br\/vicente\/wp-json\/wp\/v2\/media\/10176"}],"wp:attachment":[{"href":"https:\/\/blogs.correiobraziliense.com.br\/vicente\/wp-json\/wp\/v2\/media?parent=10172"}],"wp:term":[{"taxonomy":"category","embeddable":true,"href":"https:\/\/blogs.correiobraziliense.com.br\/vicente\/wp-json\/wp\/v2\/categories?post=10172"},{"taxonomy":"post_tag","embeddable":true,"href":"https:\/\/blogs.correiobraziliense.com.br\/vicente\/wp-json\/wp\/v2\/tags?post=10172"}],"curies":[{"name":"wp","href":"https:\/\/api.w.org\/{rel}","templated":true}]}}