{"id":10156,"date":"2019-03-07T17:30:56","date_gmt":"2019-03-07T20:30:56","guid":{"rendered":"https:\/\/blogs.correiobraziliense.com.br\/vicente\/?p=10156"},"modified":"2019-03-08T18:55:47","modified_gmt":"2019-03-08T21:55:47","slug":"a-ficha-do-mercado-comecou-a-cair","status":"publish","type":"post","link":"https:\/\/blogs.correiobraziliense.com.br\/vicente\/a-ficha-do-mercado-comecou-a-cair\/","title":{"rendered":"A ficha do mercado come\u00e7ou a cair"},"content":{"rendered":"<h2>ROSANA HESSEL<\/h2>\n<h2>O clima das reuni\u00f5es sistem\u00e1ticas que os economistas fazem com diretores e t\u00e9cnicos do Banco Central est\u00e1 mudando e h\u00e1 uma divis\u00e3o clara de opini\u00f5es entre analistas de grandes institui\u00e7\u00f5es e de corretoras. Esse \u00e9 um sinal de que a ficha do mercado financeiro est\u00e1 come\u00e7ando a cair antes mesmo dos 100 dias do governo de Jair Bolsonaro.<\/h2>\n<h2>Depois de ficarem sob efeito anest\u00e9sico da euforia com o resultado das elei\u00e7\u00f5es (que tinha poucos fundamentos concretos de uma retomada mais forte na economia), operadores est\u00e3o come\u00e7ando a colocar as barbas de molho e come\u00e7am a fazer previs\u00f5es mais realistas.\u00a0 Os representantes dos grandes bancos e de consultorias s\u00e3o mais cautelosos sobre o crescimento da economia neste ano. J\u00e1 os analistas de corretoras, que operam em bolsa, s\u00e3o os mais resistentes. Eles ainda n\u00e3o querem jogar a toalha totalmente, pois apostaram alto na retomada mais forte e que n\u00e3o vai se concretizar, segundo fontes do mercado.<\/h2>\n<p>As condi\u00e7\u00f5es externas e os sinais de que o novo governo parece n\u00e3o estar dando a prioridade necess\u00e1ria para a reforma da Previd\u00eancia, a mais importante de todas, tem preocupado os analistas.\u00a0Apesar de a proposta ser bem ampla e ter sido apresentada em 20 de fevereiro, ela ainda mal come\u00e7ou a ser articulada no Congresso, que ainda n\u00e3o montou as comiss\u00f5es. E, enquanto o governo n\u00e3o enviar o projeto da reforma dos militares, dificilmente a roda vai girar.<\/p>\n<p>E, para piorar, Bolsonaro, come\u00e7a a queimar muni\u00e7\u00e3o sinalizando mudan\u00e7as antes mesmo de negociar com parlamentares e protagonizando nova crise de credibilidade internacional com v\u00eddeo pol\u00eamico publicado na internet no carnaval, que desvia o foco e s\u00f3 ajuda a afugentar investidores para o pa\u00eds quando ele aparece em rede social perguntando o que \u00e9 &#8220;golden shower&#8221; &#8212; algo nada apropriado para algu\u00e9m que governa a maior economia da Am\u00e9rica Latina. O impacto dessa confus\u00e3o nas expectativas dever\u00e1 ser refletido nos pr\u00f3ximo Boletim Focus, do Banco Central.<\/p>\n<p>Ap\u00f3s o resultado fraco do Produto Interno Bruto (PIB) em 2018, a mediana das expectativas do mercado para o crescimento da economia brasileira neste ano passou de 2,48% para 2,3%, conforme o Focus desta semana. Contudo, esse dado \u00e9 muito otimista se comparado com a nova estimativa de crescimento do PIB do Brasil, de apenas 1,9%, rec\u00e9m revisada pela Organiza\u00e7\u00e3o para a Coopera\u00e7\u00e3o e Desenvolvimento Econ\u00f4mico (OCDE). As entidades multilaterais costumam ser sempre mais otimistas do que o mercado em geral. Portanto, novos cortes nas previs\u00f5es devem vir por a\u00ed.<\/p>\n<p>Enquanto isso, o ministro da Economia, Paulo Guedes, parece estar esperando a poeira desse carnaval tumultuado baixar, pois evitou vir para Bras\u00edlia nesta semana. Agenda dele na capital federal, apenas a partir de segunda-feira. Analistas j\u00e1 sentem falta de a\u00e7\u00e3o do ministro. Ele tem evitado dar entrevistas e declara\u00e7\u00f5es. Nem mesmo a promessa feita por ele de anunciar uma medida por dia nos primeiros 100 dias foi cumprida.<\/p>\n","protected":false},"excerpt":{"rendered":"<p>ROSANA HESSEL  O clima das reuni\u00f5es sistem\u00e1ticas que os economistas fazem com diretores e t\u00e9cnicos do Banco Central est\u00e1 mudando e h\u00e1 uma divis\u00e3o clara de opini\u00f5es entre analistas de grandes institui\u00e7\u00f5es e de corretoras. Esse \u00e9 um sinal claro de que a ficha do mercado financeiro est\u00e1 come\u00e7ando a cair antes mesmo dos 100 dias do governo de Jair Bolsonaro.\u00a0\u00a0<br \/>\nDepois de ficarem sob efeito anest\u00e9sico da euforia com o resultado das elei\u00e7\u00f5es (que tinha poucos fundamentos concretos de uma retomada mais forte na economia), operadores est\u00e3o come\u00e7ando a colocar as barbas de molho e come\u00e7am a fazer previs\u00f5es mais realistas.\u00a0 Os representantes dos grandes bancos e de consultorias s\u00e3o mais cautelosos sobre o crescimento da economia neste ano. J\u00e1 os analistas de corretoras, que operam em bolsa, s\u00e3o os mais resistentes. Eles ainda n\u00e3o querem jogar a toalha totalmente, pois apostaram alto na retomada mais forte e que n\u00e3o vai se concretizar, segundo fontes do mercado.<\/p>\n","protected":false},"author":22,"featured_media":0,"comment_status":"open","ping_status":"closed","sticky":false,"template":"","format":"standard","meta":{"footnotes":""},"categories":[600],"tags":[3,2554,753,58],"class_list":["post-10156","post","type-post","status-publish","format-standard","hentry","category-economia","tag-banco-central","tag-bolsonaro","tag-mercado","tag-pib"],"_links":{"self":[{"href":"https:\/\/blogs.correiobraziliense.com.br\/vicente\/wp-json\/wp\/v2\/posts\/10156","targetHints":{"allow":["GET"]}}],"collection":[{"href":"https:\/\/blogs.correiobraziliense.com.br\/vicente\/wp-json\/wp\/v2\/posts"}],"about":[{"href":"https:\/\/blogs.correiobraziliense.com.br\/vicente\/wp-json\/wp\/v2\/types\/post"}],"author":[{"embeddable":true,"href":"https:\/\/blogs.correiobraziliense.com.br\/vicente\/wp-json\/wp\/v2\/users\/22"}],"replies":[{"embeddable":true,"href":"https:\/\/blogs.correiobraziliense.com.br\/vicente\/wp-json\/wp\/v2\/comments?post=10156"}],"version-history":[{"count":3,"href":"https:\/\/blogs.correiobraziliense.com.br\/vicente\/wp-json\/wp\/v2\/posts\/10156\/revisions"}],"predecessor-version":[{"id":10191,"href":"https:\/\/blogs.correiobraziliense.com.br\/vicente\/wp-json\/wp\/v2\/posts\/10156\/revisions\/10191"}],"wp:attachment":[{"href":"https:\/\/blogs.correiobraziliense.com.br\/vicente\/wp-json\/wp\/v2\/media?parent=10156"}],"wp:term":[{"taxonomy":"category","embeddable":true,"href":"https:\/\/blogs.correiobraziliense.com.br\/vicente\/wp-json\/wp\/v2\/categories?post=10156"},{"taxonomy":"post_tag","embeddable":true,"href":"https:\/\/blogs.correiobraziliense.com.br\/vicente\/wp-json\/wp\/v2\/tags?post=10156"}],"curies":[{"name":"wp","href":"https:\/\/api.w.org\/{rel}","templated":true}]}}