{"id":10142,"date":"2019-03-07T13:08:16","date_gmt":"2019-03-07T16:08:16","guid":{"rendered":"https:\/\/blogs.correiobraziliense.com.br\/vicente\/?p=10142"},"modified":"2019-03-07T13:27:13","modified_gmt":"2019-03-07T16:27:13","slug":"diplomatas-pedem-apuracao-imediata-sobre-servidor-que-deu-tapa-na-cara-de-mulher","status":"publish","type":"post","link":"https:\/\/blogs.correiobraziliense.com.br\/vicente\/diplomatas-pedem-apuracao-imediata-sobre-servidor-que-deu-tapa-na-cara-de-mulher\/","title":{"rendered":"Diplomatas pedem apura\u00e7\u00e3o imediata sobre servidor que deu tapa na cara de mulher"},"content":{"rendered":"<h2>ROSANA HESSEL<\/h2>\n<h2><\/h2>\n<h2>A presidente da\u00a0Associa\u00e7\u00e3o e Sindicato dos Diplomatas Brasileiros (ADB Sindical), embaixadora Maria Celina de Azevedo Rodrigues, cobra apura\u00e7\u00e3o imediata sobre a den\u00fancia de que o conselheiro\u00a0Leonardo Lott Rodrigues deu um tapa na cara de uma mulher, identificada como Ui\u00e1ra Cerqueira, em um acidente de tr\u00e2nsito.<\/h2>\n<p>&nbsp;<\/p>\n<p>A embaixadora diz que &#8220;repudia veementemente quaisquer atos de viol\u00eancia, em especial contra mulheres&#8221;. Para Maria Celina, &#8220;\u00e9\u00a0componente essencial dos valores da ADB\/Sindical o protagonismo na promo\u00e7\u00e3o da igualdade de direitos entre homens e mulheres, bem como no combate a toda e qualquer forma de viol\u00eancia&#8221;.<\/p>\n<p>&nbsp;<\/p>\n<p>A entidade, criada h\u00e1 30 anos e que representa cerca de 1.600 associados, vai acompanhar o caso para que as provid\u00eancias cab\u00edveis sejam tomadas em acordo com a lei, preservando os envolvidos quanto \u00e0 ampla defesa e ao contradit\u00f3rio.<\/p>\n<p>&nbsp;<\/p>\n<p><em>Bras\u00edlia, 13h08min<\/em><\/p>\n","protected":false},"excerpt":{"rendered":"<p>ROSANA HESSEL A presidente da\u00a0Associa\u00e7\u00e3o e Sindicato dos Diplomatas Brasileiros (ADB Sindical), embaixadora Maria Celina de Azevedo Rodrigues, cobra apura\u00e7\u00e3o imediata sobre a den\u00fancia de que o conselheiro\u00a0Leonardo Lott Rodrigues deu um tapa na cara de uma mulher, identificada como Ui\u00e1ra Cerqueira, em um acidente de tr\u00e2nsito. &nbsp; A embaixadora diz que &#8220;repudia veementemente quaisquer [&hellip;]<\/p>\n","protected":false},"author":22,"featured_media":0,"comment_status":"open","ping_status":"closed","sticky":false,"template":"","format":"standard","meta":{"footnotes":""},"categories":[600],"tags":[2197,3111,3050,3726,538],"class_list":["post-10142","post","type-post","status-publish","format-standard","hentry","category-economia","tag-acidente","tag-diplomata","tag-mulher","tag-tapa-na-cara","tag-transito"],"_links":{"self":[{"href":"https:\/\/blogs.correiobraziliense.com.br\/vicente\/wp-json\/wp\/v2\/posts\/10142","targetHints":{"allow":["GET"]}}],"collection":[{"href":"https:\/\/blogs.correiobraziliense.com.br\/vicente\/wp-json\/wp\/v2\/posts"}],"about":[{"href":"https:\/\/blogs.correiobraziliense.com.br\/vicente\/wp-json\/wp\/v2\/types\/post"}],"author":[{"embeddable":true,"href":"https:\/\/blogs.correiobraziliense.com.br\/vicente\/wp-json\/wp\/v2\/users\/22"}],"replies":[{"embeddable":true,"href":"https:\/\/blogs.correiobraziliense.com.br\/vicente\/wp-json\/wp\/v2\/comments?post=10142"}],"version-history":[{"count":1,"href":"https:\/\/blogs.correiobraziliense.com.br\/vicente\/wp-json\/wp\/v2\/posts\/10142\/revisions"}],"predecessor-version":[{"id":10143,"href":"https:\/\/blogs.correiobraziliense.com.br\/vicente\/wp-json\/wp\/v2\/posts\/10142\/revisions\/10143"}],"wp:attachment":[{"href":"https:\/\/blogs.correiobraziliense.com.br\/vicente\/wp-json\/wp\/v2\/media?parent=10142"}],"wp:term":[{"taxonomy":"category","embeddable":true,"href":"https:\/\/blogs.correiobraziliense.com.br\/vicente\/wp-json\/wp\/v2\/categories?post=10142"},{"taxonomy":"post_tag","embeddable":true,"href":"https:\/\/blogs.correiobraziliense.com.br\/vicente\/wp-json\/wp\/v2\/tags?post=10142"}],"curies":[{"name":"wp","href":"https:\/\/api.w.org\/{rel}","templated":true}]}}