{"id":10135,"date":"2019-03-07T12:52:09","date_gmt":"2019-03-07T15:52:09","guid":{"rendered":"https:\/\/blogs.correiobraziliense.com.br\/vicente\/?p=10135"},"modified":"2019-03-08T18:52:19","modified_gmt":"2019-03-08T21:52:19","slug":"diplomata-da-tapa-na-cara-de-mulher-em-briga-de-transito","status":"publish","type":"post","link":"https:\/\/blogs.correiobraziliense.com.br\/vicente\/diplomata-da-tapa-na-cara-de-mulher-em-briga-de-transito\/","title":{"rendered":"Diplomata d\u00e1 tapa na cara de mulher em briga de tr\u00e2nsito"},"content":{"rendered":"<p>ROSANA HESSEL<\/p>\n<p>&nbsp;<\/p>\n<p>O diplomata\u00a0Leonardo Lott Rodrigues foi detido durante o carnaval depois de dar um tapa na cara de uma mulher em um acidente de tr\u00e2nsito. O carro do diplomata, que atua na\u00a0Inspetoria do Servi\u00e7o Exterior (unidade respons\u00e1vel pela an\u00e1lise operacional dos postos no exterior), foi atingindo levemente em uma colis\u00e3o, quando ele ultrapassou o carro da mulher, identificada como Ui\u00e1ra Cerqueira.<\/p>\n<p>&nbsp;<\/p>\n<p>Como havia uma viatura policial no local, o diplomata foi preso na hora. O caso foi registrado na 1\u00aa Delegacia de Pol\u00edcia. Procurado, o Itamaraty informou que pretende avaliar o assunto. Em nota, o\u00a0<span style=\"font-weight: 400\">Minist\u00e9rio das Rela\u00e7\u00f5es Exteriores informou que &#8220;tomou conhecimento, pela m\u00eddia, de incidente de alegada agress\u00e3o ocorrido durante o feriado de carnaval&#8221;, que envolveria o diplomata. &#8220;<\/span><span style=\"font-weight: 400\">O servidor em quest\u00e3o ser\u00e1 prontamente chamado a esclarecer o incidente, para que o Itamaraty possa avaliar as medidas administrativas \u00a0a serem eventualmente adotadas&#8221;, disse a pasta.<\/span><\/p>\n<p>&nbsp;<\/p>\n<p>Veja o relato feito por Ali Onka, irm\u00e3 da v\u00edtima, em uma rede social.<\/p>\n<p>&nbsp;<\/p>\n<p><a href=\"https:\/\/blogs.correiobraziliense.com.br\/vicente\/wp-content\/uploads\/sites\/16\/2019\/03\/Diplomata.jpg\"><img loading=\"lazy\" decoding=\"async\" class=\"wp-image-10138 alignleft\" src=\"https:\/\/blogs.correiobraziliense.com.br\/vicente\/wp-content\/uploads\/sites\/16\/2019\/03\/Diplomata-576x1024.jpg\" alt=\"\" width=\"377\" height=\"670\" srcset=\"https:\/\/blogs.correiobraziliense.com.br\/vicente\/wp-content\/uploads\/sites\/16\/2019\/03\/Diplomata.jpg 576w, https:\/\/blogs.correiobraziliense.com.br\/vicente\/wp-content\/uploads\/sites\/16\/2019\/03\/Diplomata-169x300.jpg 169w, https:\/\/blogs.correiobraziliense.com.br\/vicente\/wp-content\/uploads\/sites\/16\/2019\/03\/Diplomata-197x350.jpg 197w, https:\/\/blogs.correiobraziliense.com.br\/vicente\/wp-content\/uploads\/sites\/16\/2019\/03\/Diplomata-550x978.jpg 550w, https:\/\/blogs.correiobraziliense.com.br\/vicente\/wp-content\/uploads\/sites\/16\/2019\/03\/Diplomata-230x409.jpg 230w\" sizes=\"auto, (max-width: 377px) 100vw, 377px\" \/><\/a><\/p>\n<p><em>&#8220;Pe\u00e7o que tirem uns minutos para ler o relato que segue.<\/em><\/p>\n<p><em>Eu tenho trinta e oito anos e nunca tinha presenciado qualquer tipo de viol\u00eancia. Nunca achei que a minha temporada em Bras\u00edlia fosse acabar assim&#8230;<\/em><\/p>\n<p><em>Hoje pedi que a minha irm\u00e3 me desse carona para visitar uma amiga. No caminho para a Asa Sul, ap\u00f3s passarmos pelo Hotel Nacional, na curva anterior \u00e0 Galeria dos Estados, um carro na pista \u00e0 direita nos fechou para entrar \u00e0 esquerda em dire\u00e7\u00e3o ao Eixinho, o que ocasionou uma colis\u00e3o. At\u00e9 a\u00ed tudo bem. Paramos o carro atr\u00e1s do tal senhor, em frente \u00e0 Galeria dos Estados. No gramado da galeria havia uma viatura estacionada por causa do carnaval.<\/em><\/p>\n<p><em>A minha irm\u00e3 desceu e foi conversar com o senhor, desci logo atr\u00e1s. Transcreverei abaixo o di\u00e1logo entre os dois.<\/em><\/p>\n<p><em>Ela: Voc\u00ea me fechou!<\/em><br \/>\n<em>Ele: Hahaha! Voc\u00ea est\u00e1 sendo c\u00ednica, n\u00e3o \u00e9, minha filha? (e saiu do carro)<\/em><br \/>\n<em>Ela insistiu: Mas voc\u00ea que me fechou!<\/em><br \/>\n<em>Ele disse: Voc\u00ea \u00e9 uma est\u00fapida!<\/em><br \/>\n<em>Ela: Quem voc\u00ea pensa que \u00e9 pra falar assim comigo? Eu vou chamar a pol\u00edcia.<\/em><br \/>\n<em>Ele: Voc\u00ea que n\u00e3o sabe com quem est\u00e1 falando. Voc\u00ea \u00e9 uma est\u00fapida! <\/em><br \/>\n<em>Nesse momento ele a agrediu com um tapa fort\u00edssimo na cara que fez os \u00f3culos dela ca\u00edrem a alguns metros.<\/em><br \/>\n<em>Eu: Que absurdo! O que que \u00e9 isso?<\/em><br \/>\n<em>Ela gritou pela pol\u00edcia.<\/em><\/p>\n<p><em>Nessa hora os policias que estavam na viatura correram para acudir.<\/em><\/p>\n<p><em>O senhor disse: vamos conversar, que com essa da\u00ed n\u00e3o d\u00e1 pra conversar.<\/em><br \/>\n<em>O policial disse: N\u00e3o tem negocia\u00e7\u00e3o n\u00e3o, o senhor acha que pode bater em mulher? O senhor vai preso. O senhor costuma bater em mulher? O senhor vai pra delegacia. Documento, por favor.<\/em><\/p>\n<p><em>Nessa hora, o senhor entregou uma identidade funcional que logo reconheci, do Itamaraty, e pensei: n\u00e3o \u00e9 poss\u00edvel que esse cara trabalhe no Minist\u00e9rio.<\/em><\/p>\n<p><em>Os policiais pediram que segu\u00edssemos a viatura at\u00e9 a 1a DP.<\/em><\/p>\n<p><em>Ao chegar na delegacia, prestamos depoimento e o cara ficou detido. Enquanto prestamos depoimento consegui identificar o nome do agressor, um diplomata de seus cinquenta e poucos anos.<\/em><\/p>\n<p><em>Passamos algumas horas na delegacia, depois fomos encaminhadas ao IML.<\/em><\/p>\n<p><em>Imagino que a essas horas o agressor, por ser r\u00e9u prim\u00e1rio, j\u00e1 tenha retornado para casa. Acredito que, apesar de contarmos com o Sargento Vidal como testemunha ocular da agress\u00e3o, o agressor enfrente somente que uma pena alternativa.<\/em><\/p>\n<p><em>Apesar de bem, a Uiara est\u00e1 muito abalada e chorando muito. A agress\u00e3o que ela sofreu n\u00e3o deixou marcas f\u00edsicas, mas n\u00e3o ser\u00e1 facilmente esquecida.<\/em><\/p>\n<p><em>Agrade\u00e7o a ajuda de voc\u00eas para divulgar esse infort\u00fanio. Que a agress\u00e3o a uma mulher n\u00e3o seja mais uma vez apagada com uma mera doa\u00e7\u00e3o de cestas b\u00e1sicas.<\/em><\/p>\n<p><em>Aos colegas, aviso: evitem a todo custo trabalhar com esse senhor.&#8221;<\/em><\/p>\n<p>&nbsp;<\/p>\n","protected":false},"excerpt":{"rendered":"<p>ROSANA HESSEL &nbsp; O diplomata\u00a0Leonardo Lott Rodrigues foi detido durante o carnaval depois de dar um tapa na cara de uma mulher em um acidente de tr\u00e2nsito. O carro do diplomata, que atua na\u00a0Inspetoria do Servi\u00e7o Exterior (unidade respons\u00e1vel pela an\u00e1lise operacional dos postos no exterior), foi atingindo levemente em uma colis\u00e3o, quando ele ultrapassou [&hellip;]<\/p>\n","protected":false},"author":22,"featured_media":0,"comment_status":"open","ping_status":"closed","sticky":false,"template":"","format":"standard","meta":{"footnotes":""},"categories":[600],"tags":[2585,3111,3050,3725],"class_list":["post-10135","post","type-post","status-publish","format-standard","hentry","category-economia","tag-cara","tag-diplomata","tag-mulher","tag-tapa"],"_links":{"self":[{"href":"https:\/\/blogs.correiobraziliense.com.br\/vicente\/wp-json\/wp\/v2\/posts\/10135","targetHints":{"allow":["GET"]}}],"collection":[{"href":"https:\/\/blogs.correiobraziliense.com.br\/vicente\/wp-json\/wp\/v2\/posts"}],"about":[{"href":"https:\/\/blogs.correiobraziliense.com.br\/vicente\/wp-json\/wp\/v2\/types\/post"}],"author":[{"embeddable":true,"href":"https:\/\/blogs.correiobraziliense.com.br\/vicente\/wp-json\/wp\/v2\/users\/22"}],"replies":[{"embeddable":true,"href":"https:\/\/blogs.correiobraziliense.com.br\/vicente\/wp-json\/wp\/v2\/comments?post=10135"}],"version-history":[{"count":7,"href":"https:\/\/blogs.correiobraziliense.com.br\/vicente\/wp-json\/wp\/v2\/posts\/10135\/revisions"}],"predecessor-version":[{"id":10190,"href":"https:\/\/blogs.correiobraziliense.com.br\/vicente\/wp-json\/wp\/v2\/posts\/10135\/revisions\/10190"}],"wp:attachment":[{"href":"https:\/\/blogs.correiobraziliense.com.br\/vicente\/wp-json\/wp\/v2\/media?parent=10135"}],"wp:term":[{"taxonomy":"category","embeddable":true,"href":"https:\/\/blogs.correiobraziliense.com.br\/vicente\/wp-json\/wp\/v2\/categories?post=10135"},{"taxonomy":"post_tag","embeddable":true,"href":"https:\/\/blogs.correiobraziliense.com.br\/vicente\/wp-json\/wp\/v2\/tags?post=10135"}],"curies":[{"name":"wp","href":"https:\/\/api.w.org\/{rel}","templated":true}]}}