{"id":10133,"date":"2019-03-07T07:41:00","date_gmt":"2019-03-07T10:41:00","guid":{"rendered":"https:\/\/blogs.correiobraziliense.com.br\/vicente\/?p=10133"},"modified":"2019-03-07T11:22:53","modified_gmt":"2019-03-07T14:22:53","slug":"equipe-economica-sente-o-baque-do-despreparo-de-bolsonaro","status":"publish","type":"post","link":"https:\/\/blogs.correiobraziliense.com.br\/vicente\/equipe-economica-sente-o-baque-do-despreparo-de-bolsonaro\/","title":{"rendered":"Equipe econ\u00f4mica sente o baque do &#8220;despreparo&#8221; de Bolsonaro"},"content":{"rendered":"<h2>Sempre entusiasmados em falar dos projetos do governo, integrantes da equipe econ\u00f4mica j\u00e1 n\u00e3o exibem o mesmo otimismo. Pouco mais de dois meses da posse de Jair Bolsonaro, os t\u00e9cnicos se dizem surpresos com o &#8220;despreparo&#8221; do chefe do Executivo, muito mais preocupado com a agenda de costumes do que com quest\u00f5es estruturais que atravancam o pa\u00eds.<\/h2>\n<p>&nbsp;<\/p>\n<p>Entre os t\u00e9cnicos que retornaram ao trabalho na quarta-feira, 6 de mar\u00e7o, depois do carnaval, o clima era de incredulidade. Ningu\u00e9m acreditava que o presidente, em vez de estar engajado na campanha de reforma da Previd\u00eancia Social, seu maior teste de credibilidade e for\u00e7a pol\u00edtica, passou o carnaval falando sobre temas nada apropriados, inclusive, difundindo um v\u00eddeo com obscenidades.<\/p>\n<p>&nbsp;<\/p>\n<p>Alguns integrantes da equipe econ\u00f4mica se deram ao trabalho de mapear todas as mensagens de Bolsonaro no Twitter durante a festa de Momo. Foram 29 postagens, nenhuma sobre a reforma da Previd\u00eancia. Ou seja, ningu\u00e9m est\u00e1 vendo o presidente assumir o papel de principal garoto propaganda das mudan\u00e7as no regime de pens\u00e3o e aposentadorias.<\/p>\n<p>&nbsp;<\/p>\n<p><strong>&#8220;Trapalhadas&#8221;<\/strong><\/p>\n<p>&nbsp;<\/p>\n<p>Os t\u00e9cnicos mais pessimistas listam as &#8220;trapalhadas&#8221; de Bolsonaro na \u00e1rea econ\u00f4mica. Dias depois de tomar posse, o presidente falou que a idade m\u00ednima para a aposentadoria no projeto de reforma da Previd\u00eancia seria de 57 anos para mulheres e de 62 anos para homens. Afirmou, ainda, que o governo reduziria a maior al\u00edquota do Imposto de Renda de 27,5% para 25% e que aumentaria o Imposto sobre Opera\u00e7\u00f5es Financeiras (IOF). Em menos de 24 horas foi desmentido.<\/p>\n<p>&nbsp;<\/p>\n<p>Mais recentemente, antes mesmo de o Congresso come\u00e7ar a discutir a reforma da Previd\u00eancia, Bolsonaro disse que o governo aceitaria reduzir a idade m\u00ednima de aposentadoria para as mulheres de 62 para 60 anos. Isso foi visto pela equipe econ\u00f4mica como um grande erro, uma vez que fragiliza o projeto de reforma, que pretende economizar R$ 1,1 trilh\u00e3o em 10 anos.<\/p>\n<p>&nbsp;<\/p>\n<p>Para a equipe econ\u00f4mica, ou o presidente entra nos eixos e para de fazer bobagens nas redes sociais e de falar demais, ou ficar\u00e1 complicado, pois a confian\u00e7a dada pelos agentes financeiros ao governo est\u00e1 por um fio. &#8220;E o maior perdedor ser\u00e1 o pa\u00eds&#8221;, diz um dos t\u00e9cnicos.<\/p>\n<p>&nbsp;<\/p>\n<p><em>Bras\u00edlia, 07h41min<\/em><\/p>\n","protected":false},"excerpt":{"rendered":"<p>Sempre entusiasmados em falar dos projetos do governo, integrantes da equipe econ\u00f4mica j\u00e1 n\u00e3o exibem o mesmo otimismo. Pouco mais de dois meses da posse de Jair Bolsonaro, os t\u00e9cnicos se dizem surpresos com o &#8220;despreparo&#8221; do chefe do Executivo, muito mais preocupado com a agenda de costumes do que com quest\u00f5es estruturais que atravancam [&hellip;]<\/p>\n","protected":false},"author":22,"featured_media":0,"comment_status":"open","ping_status":"closed","sticky":false,"template":"","format":"standard","meta":{"footnotes":""},"categories":[600],"tags":[2554,3724,429,614,2745],"class_list":["post-10133","post","type-post","status-publish","format-standard","hentry","category-economia","tag-bolsonaro","tag-despereparo","tag-previdencia","tag-reforma","tag-video"],"_links":{"self":[{"href":"https:\/\/blogs.correiobraziliense.com.br\/vicente\/wp-json\/wp\/v2\/posts\/10133","targetHints":{"allow":["GET"]}}],"collection":[{"href":"https:\/\/blogs.correiobraziliense.com.br\/vicente\/wp-json\/wp\/v2\/posts"}],"about":[{"href":"https:\/\/blogs.correiobraziliense.com.br\/vicente\/wp-json\/wp\/v2\/types\/post"}],"author":[{"embeddable":true,"href":"https:\/\/blogs.correiobraziliense.com.br\/vicente\/wp-json\/wp\/v2\/users\/22"}],"replies":[{"embeddable":true,"href":"https:\/\/blogs.correiobraziliense.com.br\/vicente\/wp-json\/wp\/v2\/comments?post=10133"}],"version-history":[{"count":1,"href":"https:\/\/blogs.correiobraziliense.com.br\/vicente\/wp-json\/wp\/v2\/posts\/10133\/revisions"}],"predecessor-version":[{"id":10134,"href":"https:\/\/blogs.correiobraziliense.com.br\/vicente\/wp-json\/wp\/v2\/posts\/10133\/revisions\/10134"}],"wp:attachment":[{"href":"https:\/\/blogs.correiobraziliense.com.br\/vicente\/wp-json\/wp\/v2\/media?parent=10133"}],"wp:term":[{"taxonomy":"category","embeddable":true,"href":"https:\/\/blogs.correiobraziliense.com.br\/vicente\/wp-json\/wp\/v2\/categories?post=10133"},{"taxonomy":"post_tag","embeddable":true,"href":"https:\/\/blogs.correiobraziliense.com.br\/vicente\/wp-json\/wp\/v2\/tags?post=10133"}],"curies":[{"name":"wp","href":"https:\/\/api.w.org\/{rel}","templated":true}]}}