{"id":10121,"date":"2019-03-02T14:15:31","date_gmt":"2019-03-02T17:15:31","guid":{"rendered":"https:\/\/blogs.correiobraziliense.com.br\/vicente\/?p=10121"},"modified":"2019-03-02T15:18:57","modified_gmt":"2019-03-02T18:18:57","slug":"procura-por-vacina-contra-meningite-aumenta-100-em-brasilia","status":"publish","type":"post","link":"https:\/\/blogs.correiobraziliense.com.br\/vicente\/procura-por-vacina-contra-meningite-aumenta-100-em-brasilia\/","title":{"rendered":"Procura por vacina contra meningite aumenta 100% em Bras\u00edlia"},"content":{"rendered":"<h2>BRUNO SANTARITA<\/h2>\n<h2><\/h2>\n<h2>Os laborat\u00f3rios do Distrito Federal amanheceram lotados neste s\u00e1bado, 2 de mar\u00e7o. Houve uma corrida de pais em busca de vacinas para seus filhos. A demanda maior ocorreu depois da morte de Arthur, o neto de apenas sete anos do ex-presidente Lula.<\/h2>\n<p>&nbsp;<\/p>\n<figure id=\"attachment_10122\" aria-describedby=\"caption-attachment-10122\" style=\"width: 581px\" class=\"wp-caption alignleft\"><a href=\"https:\/\/blogs.correiobraziliense.com.br\/vicente\/wp-content\/uploads\/sites\/16\/2019\/03\/VacinaMeningite.jpg\"><img loading=\"lazy\" decoding=\"async\" class=\" wp-image-10122\" src=\"https:\/\/blogs.correiobraziliense.com.br\/vicente\/wp-content\/uploads\/sites\/16\/2019\/03\/VacinaMeningite-1024x682.jpg\" alt=\"\" width=\"581\" height=\"387\" srcset=\"https:\/\/blogs.correiobraziliense.com.br\/vicente\/wp-content\/uploads\/sites\/16\/2019\/03\/VacinaMeningite-1024x682.jpg 1024w, https:\/\/blogs.correiobraziliense.com.br\/vicente\/wp-content\/uploads\/sites\/16\/2019\/03\/VacinaMeningite-300x200.jpg 300w, https:\/\/blogs.correiobraziliense.com.br\/vicente\/wp-content\/uploads\/sites\/16\/2019\/03\/VacinaMeningite-768x512.jpg 768w, https:\/\/blogs.correiobraziliense.com.br\/vicente\/wp-content\/uploads\/sites\/16\/2019\/03\/VacinaMeningite-350x233.jpg 350w, https:\/\/blogs.correiobraziliense.com.br\/vicente\/wp-content\/uploads\/sites\/16\/2019\/03\/VacinaMeningite-550x367.jpg 550w, https:\/\/blogs.correiobraziliense.com.br\/vicente\/wp-content\/uploads\/sites\/16\/2019\/03\/VacinaMeningite-230x153.jpg 230w, https:\/\/blogs.correiobraziliense.com.br\/vicente\/wp-content\/uploads\/sites\/16\/2019\/03\/VacinaMeningite.jpg 1280w\" sizes=\"auto, (max-width: 581px) 100vw, 581px\" \/><\/a><figcaption id=\"caption-attachment-10122\" class=\"wp-caption-text\"><strong>Foto:<\/strong> Elio Rizzo\/Esp. CB\/D.A Press<\/figcaption><\/figure>\n<p>O menino foi v\u00edtima de uma meningite bacteriana, considerada fatal pelos especialistas. Mata em quest\u00e3o de horas. A meningite \u00e9 uma infec\u00e7\u00e3o provocada por bact\u00e9ria, v\u00edrus ou fungos. Ataca as meninges, membranas que protegem o enc\u00e9falo, a medula espinhal e outras partes do sistema nervoso central.<\/p>\n<p>&nbsp;<\/p>\n<p>No Laborat\u00f3rio Sabin, o maior do Distrito Federal, a procura pela vacina aumentou 100% neste s\u00e1bado. Muitos pais demonstraram preocupa\u00e7\u00e3o com a doen\u00e7a. H\u00e1 tr\u00eas tipos de vacina: contra a meningite tipo C, contra a meningite tipo B e a vacina do tipo ACWY. Os pre\u00e7os na rede privada v\u00e3o de R$ 270 a R$ 660 a dose.<\/p>\n<p>&nbsp;<\/p>\n<p><strong>Recomenda\u00e7\u00e3o<\/strong><\/p>\n<p>&nbsp;<\/p>\n<p>A recomenda\u00e7\u00e3o dos especialistas \u00e9 para que os pais fiquem atentos e vacinem o mais rapidamente os filhos. O alerta \u00e9 importante porque muitos pais est\u00e3o se deixando contaminar por not\u00edcias falsas, que afirmam que vacinas fazem mal \u00e0 sa\u00fade. Muito pelo contr\u00e1rio.<\/p>\n<p>&nbsp;<\/p>\n<p>O Minist\u00e9rio da Sa\u00fade vem fazendo uma campanha pesada para combater not\u00edcias falsas, mostrando os benef\u00edcios da imuniza\u00e7\u00e3o. A grande preocupa\u00e7\u00e3o das autoridades \u00e9 que as metas de vacina\u00e7\u00e3o n\u00e3o est\u00e3o sendo atingidas em v\u00e1rias partes do Brasil. Um perigo.<\/p>\n<p>&nbsp;<\/p>\n<p>Por causa do vacilo de pais, muitas doen\u00e7as, como o sarampo, retornaram com tudo no pa\u00eds. Os pais precisam entender que a vacina\u00e7\u00e3o \u00e9 importante desde os primeiros dias de vida da crian\u00e7a. A rede p\u00fablica est\u00e1 preparada para atender a todos. As vacinas contra as meningites tipo B e C podem ser encontradas facilmente nos centros de sa\u00fade.<\/p>\n<p>&nbsp;<\/p>\n<p>Com a meningite e outras doen\u00e7as contagiosas n\u00e3o se brinca. Portanto, o aviso dos especialistas \u00e9 claro: vacinem seus filhos.<\/p>\n<p>&nbsp;<\/p>\n<p><em>Bras\u00edlia, 14h15min<\/em><\/p>\n","protected":false},"excerpt":{"rendered":"<p>BRUNO SANTARITA Os laborat\u00f3rios do Distrito Federal amanheceram lotados neste s\u00e1bado, 2 de mar\u00e7o. Houve uma corrida de pais em busca de vacinas para seus filhos. A demanda maior ocorreu depois da morte de Arthur, o neto de apenas sete anos do ex-presidente Lula. &nbsp; O menino foi v\u00edtima de uma meningite bacteriana, considerada fatal [&hellip;]<\/p>\n","protected":false},"author":22,"featured_media":0,"comment_status":"open","ping_status":"closed","sticky":false,"template":"","format":"standard","meta":{"footnotes":""},"categories":[600],"tags":[3720,133,23,3719,958,3710,3721,3717],"class_list":["post-10121","post","type-post","status-publish","format-standard","hentry","category-economia","tag-arthur","tag-aumento","tag-lula","tag-meningite","tag-morte","tag-neto","tag-procura","tag-vacina"],"_links":{"self":[{"href":"https:\/\/blogs.correiobraziliense.com.br\/vicente\/wp-json\/wp\/v2\/posts\/10121","targetHints":{"allow":["GET"]}}],"collection":[{"href":"https:\/\/blogs.correiobraziliense.com.br\/vicente\/wp-json\/wp\/v2\/posts"}],"about":[{"href":"https:\/\/blogs.correiobraziliense.com.br\/vicente\/wp-json\/wp\/v2\/types\/post"}],"author":[{"embeddable":true,"href":"https:\/\/blogs.correiobraziliense.com.br\/vicente\/wp-json\/wp\/v2\/users\/22"}],"replies":[{"embeddable":true,"href":"https:\/\/blogs.correiobraziliense.com.br\/vicente\/wp-json\/wp\/v2\/comments?post=10121"}],"version-history":[{"count":1,"href":"https:\/\/blogs.correiobraziliense.com.br\/vicente\/wp-json\/wp\/v2\/posts\/10121\/revisions"}],"predecessor-version":[{"id":10123,"href":"https:\/\/blogs.correiobraziliense.com.br\/vicente\/wp-json\/wp\/v2\/posts\/10121\/revisions\/10123"}],"wp:attachment":[{"href":"https:\/\/blogs.correiobraziliense.com.br\/vicente\/wp-json\/wp\/v2\/media?parent=10121"}],"wp:term":[{"taxonomy":"category","embeddable":true,"href":"https:\/\/blogs.correiobraziliense.com.br\/vicente\/wp-json\/wp\/v2\/categories?post=10121"},{"taxonomy":"post_tag","embeddable":true,"href":"https:\/\/blogs.correiobraziliense.com.br\/vicente\/wp-json\/wp\/v2\/tags?post=10121"}],"curies":[{"name":"wp","href":"https:\/\/api.w.org\/{rel}","templated":true}]}}