{"id":10115,"date":"2019-03-02T12:45:53","date_gmt":"2019-03-02T15:45:53","guid":{"rendered":"https:\/\/blogs.correiobraziliense.com.br\/vicente\/?p=10115"},"modified":"2019-03-02T13:16:19","modified_gmt":"2019-03-02T16:16:19","slug":"morte-de-neto-de-lula-por-meningite-leva-maes-a-buscarem-vacinas-para-filhos","status":"publish","type":"post","link":"https:\/\/blogs.correiobraziliense.com.br\/vicente\/morte-de-neto-de-lula-por-meningite-leva-maes-a-buscarem-vacinas-para-filhos\/","title":{"rendered":"Morte de neto de Lula por meningite leva m\u00e3es a buscarem vacinas para filhos"},"content":{"rendered":"<h2>MAR\u00cdLIA SENA<\/h2>\n<h2><\/h2>\n<h2>Um grupo de mais de 200 m\u00e3es de Bras\u00edlia est\u00e1 se organizando na internet para negociar com os laborat\u00f3rios privados a redu\u00e7\u00e3o dos pre\u00e7os de vacinas contra a meningite, doen\u00e7a que matou Arthur, de 7 anos, neto do ex-presidente Lula.<\/h2>\n<p>&nbsp;<\/p>\n<figure id=\"attachment_10116\" aria-describedby=\"caption-attachment-10116\" style=\"width: 653px\" class=\"wp-caption alignleft\"><a href=\"https:\/\/blogs.correiobraziliense.com.br\/vicente\/wp-content\/uploads\/sites\/16\/2019\/03\/LulaNeto.jpg\"><img loading=\"lazy\" decoding=\"async\" class=\" wp-image-10116\" src=\"https:\/\/blogs.correiobraziliense.com.br\/vicente\/wp-content\/uploads\/sites\/16\/2019\/03\/LulaNeto.jpg\" alt=\"\" width=\"653\" height=\"367\" srcset=\"https:\/\/blogs.correiobraziliense.com.br\/vicente\/wp-content\/uploads\/sites\/16\/2019\/03\/LulaNeto.jpg 820w, https:\/\/blogs.correiobraziliense.com.br\/vicente\/wp-content\/uploads\/sites\/16\/2019\/03\/LulaNeto-300x169.jpg 300w, https:\/\/blogs.correiobraziliense.com.br\/vicente\/wp-content\/uploads\/sites\/16\/2019\/03\/LulaNeto-768x432.jpg 768w, https:\/\/blogs.correiobraziliense.com.br\/vicente\/wp-content\/uploads\/sites\/16\/2019\/03\/LulaNeto-350x197.jpg 350w, https:\/\/blogs.correiobraziliense.com.br\/vicente\/wp-content\/uploads\/sites\/16\/2019\/03\/LulaNeto-550x309.jpg 550w, https:\/\/blogs.correiobraziliense.com.br\/vicente\/wp-content\/uploads\/sites\/16\/2019\/03\/LulaNeto-230x129.jpg 230w\" sizes=\"auto, (max-width: 653px) 100vw, 653px\" \/><\/a><figcaption id=\"caption-attachment-10116\" class=\"wp-caption-text\">Foto: Ricardo Stuckert \/Divulga\u00e7\u00e3o)<\/figcaption><\/figure>\n<p>As vacinas variam entre R$ 270, no caso da meningite tipo C, e R$ 660, contra a meningite tipo B. As vacinas contra a meningite A, C, W e Y saem por R$ 430 a dose, em m\u00e9dia. Na rede p\u00fablica, \u00e9 poss\u00edvel vacinar contra a meningite tipo C, a mais comum no pa\u00eds, e contra o tipo B.<\/p>\n<p>&nbsp;<\/p>\n<p>A meningite \u00e9 uma infec\u00e7\u00e3o que ocorre quando uma bact\u00e9ria, um v\u00edrus ou um fungo ataca as meninges, membranas que protegem o enc\u00e9falo, a medula espinhal ou outras partes do sistema central. A doen\u00e7a causada por bact\u00e9ria, como foi o caso do neto de Lula, \u00e9 fulminante. A pessoa morre em quest\u00e3o de horas.<\/p>\n<p>&nbsp;<\/p>\n<p><strong>Not\u00edcias falsas<\/strong><\/p>\n<p>&nbsp;<\/p>\n<p>A morte do neto de Lula reascende o debate sobre a import\u00e2ncia da vacina\u00e7\u00e3o. Nos \u00faltimos anos, embasadas por not\u00edcias falsas, de que vacinas causam doen\u00e7as como o autismo, muitas m\u00e3es abriram m\u00e3o da prote\u00e7\u00e3o de seus filhos. Um absurdo.<\/p>\n<p>&nbsp;<\/p>\n<p><a href=\"https:\/\/blogs.correiobraziliense.com.br\/vicente\/wp-content\/uploads\/sites\/16\/2019\/03\/Vacina.jpg\"><img loading=\"lazy\" decoding=\"async\" class=\"wp-image-10117 alignleft\" src=\"https:\/\/blogs.correiobraziliense.com.br\/vicente\/wp-content\/uploads\/sites\/16\/2019\/03\/Vacina-577x1024.jpg\" alt=\"\" width=\"426\" height=\"756\" srcset=\"https:\/\/blogs.correiobraziliense.com.br\/vicente\/wp-content\/uploads\/sites\/16\/2019\/03\/Vacina-577x1024.jpg 577w, https:\/\/blogs.correiobraziliense.com.br\/vicente\/wp-content\/uploads\/sites\/16\/2019\/03\/Vacina-169x300.jpg 169w, https:\/\/blogs.correiobraziliense.com.br\/vicente\/wp-content\/uploads\/sites\/16\/2019\/03\/Vacina-197x350.jpg 197w, https:\/\/blogs.correiobraziliense.com.br\/vicente\/wp-content\/uploads\/sites\/16\/2019\/03\/Vacina-550x976.jpg 550w, https:\/\/blogs.correiobraziliense.com.br\/vicente\/wp-content\/uploads\/sites\/16\/2019\/03\/Vacina-230x408.jpg 230w, https:\/\/blogs.correiobraziliense.com.br\/vicente\/wp-content\/uploads\/sites\/16\/2019\/03\/Vacina.jpg 640w\" sizes=\"auto, (max-width: 426px) 100vw, 426px\" \/><\/a><\/p>\n<p>&nbsp;<\/p>\n<p>A situa\u00e7\u00e3o \u00e9 t\u00e3o grave, por causa das fake news, que o Brasil voltou a registrar casos de sarampo, com v\u00e1rias mortes. Neste semana, o Unicef, \u00f3rg\u00e3o da Organiza\u00e7\u00e3o das Na\u00e7\u00f5es Unidas (ONU) para prote\u00e7\u00e3o das crian\u00e7as, fez um alerta contra os riscos do sarampo no pa\u00eds. Em 2018, foram notificados 10.262 casos. Em 2017, n\u00e3o houve nenhum.<\/p>\n<p>&nbsp;<\/p>\n<p>Portanto, todas as m\u00e3es devem ficar atentas \u00e0s carteiras de vacina\u00e7\u00e3o de seus filhos e buscarem as redes p\u00fablica e privada para colocar a prote\u00e7\u00e3o dos meninos em dia. Sem vacina\u00e7\u00e3o, os riscos de morte aumentam muito. Os especialistas dizem que os pais n\u00e3o podem se pautar por not\u00edcias falsas. Vacina s\u00f3 faz bem.<\/p>\n<p>&nbsp;<\/p>\n<p><em>Bras\u00edlia, 12h45min<\/em><\/p>\n","protected":false},"excerpt":{"rendered":"<p>MAR\u00cdLIA SENA Um grupo de mais de 200 m\u00e3es de Bras\u00edlia est\u00e1 se organizando na internet para negociar com os laborat\u00f3rios privados a redu\u00e7\u00e3o dos pre\u00e7os de vacinas contra a meningite, doen\u00e7a que matou Arthur, de 7 anos, neto do ex-presidente Lula. &nbsp; As vacinas variam entre R$ 270, no caso da meningite tipo C, [&hellip;]<\/p>\n","protected":false},"author":22,"featured_media":0,"comment_status":"open","ping_status":"closed","sticky":false,"template":"","format":"standard","meta":{"footnotes":""},"categories":[600],"tags":[3720,23,3719,958,3710,3717,3718],"class_list":["post-10115","post","type-post","status-publish","format-standard","hentry","category-economia","tag-arthur","tag-lula","tag-meningite","tag-morte","tag-neto","tag-vacina","tag-vacinacao"],"_links":{"self":[{"href":"https:\/\/blogs.correiobraziliense.com.br\/vicente\/wp-json\/wp\/v2\/posts\/10115","targetHints":{"allow":["GET"]}}],"collection":[{"href":"https:\/\/blogs.correiobraziliense.com.br\/vicente\/wp-json\/wp\/v2\/posts"}],"about":[{"href":"https:\/\/blogs.correiobraziliense.com.br\/vicente\/wp-json\/wp\/v2\/types\/post"}],"author":[{"embeddable":true,"href":"https:\/\/blogs.correiobraziliense.com.br\/vicente\/wp-json\/wp\/v2\/users\/22"}],"replies":[{"embeddable":true,"href":"https:\/\/blogs.correiobraziliense.com.br\/vicente\/wp-json\/wp\/v2\/comments?post=10115"}],"version-history":[{"count":3,"href":"https:\/\/blogs.correiobraziliense.com.br\/vicente\/wp-json\/wp\/v2\/posts\/10115\/revisions"}],"predecessor-version":[{"id":10120,"href":"https:\/\/blogs.correiobraziliense.com.br\/vicente\/wp-json\/wp\/v2\/posts\/10115\/revisions\/10120"}],"wp:attachment":[{"href":"https:\/\/blogs.correiobraziliense.com.br\/vicente\/wp-json\/wp\/v2\/media?parent=10115"}],"wp:term":[{"taxonomy":"category","embeddable":true,"href":"https:\/\/blogs.correiobraziliense.com.br\/vicente\/wp-json\/wp\/v2\/categories?post=10115"},{"taxonomy":"post_tag","embeddable":true,"href":"https:\/\/blogs.correiobraziliense.com.br\/vicente\/wp-json\/wp\/v2\/tags?post=10115"}],"curies":[{"name":"wp","href":"https:\/\/api.w.org\/{rel}","templated":true}]}}