{"id":10105,"date":"2019-03-01T10:07:51","date_gmt":"2019-03-01T13:07:51","guid":{"rendered":"https:\/\/blogs.correiobraziliense.com.br\/vicente\/?p=10105"},"modified":"2019-03-01T16:42:03","modified_gmt":"2019-03-01T19:42:03","slug":"moro-e-guedes-os-superministros-que-ficaram-menores","status":"publish","type":"post","link":"https:\/\/blogs.correiobraziliense.com.br\/vicente\/moro-e-guedes-os-superministros-que-ficaram-menores\/","title":{"rendered":"Moro e Guedes, os superministros que ficaram menores"},"content":{"rendered":"<h2>Bras\u00edlia n\u00e3o perdoa. Dois meses depois de chegarem \u00e0 cidade com a fama de superministros, S\u00e9rgio Moro, da Justi\u00e7a, e Paulo Guedes, da Economia, ficaram menores. O presidente Jair Bolsonaro tratou de mostrar aos dois que o poder que achavam que tinham n\u00e3o \u00e9 t\u00e3o grande assim. N\u00e3o devem, portanto, serem vistos, como fiadores do governo.<\/h2>\n<p>&nbsp;<\/p>\n<figure id=\"attachment_10108\" aria-describedby=\"caption-attachment-10108\" style=\"width: 638px\" class=\"wp-caption alignleft\"><a href=\"https:\/\/blogs.correiobraziliense.com.br\/vicente\/wp-content\/uploads\/sites\/16\/2019\/03\/MoroGuedes.jpg\"><img loading=\"lazy\" decoding=\"async\" class=\" wp-image-10108\" src=\"https:\/\/blogs.correiobraziliense.com.br\/vicente\/wp-content\/uploads\/sites\/16\/2019\/03\/MoroGuedes.jpg\" alt=\"\" width=\"638\" height=\"423\" srcset=\"https:\/\/blogs.correiobraziliense.com.br\/vicente\/wp-content\/uploads\/sites\/16\/2019\/03\/MoroGuedes.jpg 800w, https:\/\/blogs.correiobraziliense.com.br\/vicente\/wp-content\/uploads\/sites\/16\/2019\/03\/MoroGuedes-300x199.jpg 300w, https:\/\/blogs.correiobraziliense.com.br\/vicente\/wp-content\/uploads\/sites\/16\/2019\/03\/MoroGuedes-768x509.jpg 768w, https:\/\/blogs.correiobraziliense.com.br\/vicente\/wp-content\/uploads\/sites\/16\/2019\/03\/MoroGuedes-350x232.jpg 350w, https:\/\/blogs.correiobraziliense.com.br\/vicente\/wp-content\/uploads\/sites\/16\/2019\/03\/MoroGuedes-550x364.jpg 550w, https:\/\/blogs.correiobraziliense.com.br\/vicente\/wp-content\/uploads\/sites\/16\/2019\/03\/MoroGuedes-230x152.jpg 230w\" sizes=\"auto, (max-width: 638px) 100vw, 638px\" \/><\/a><figcaption id=\"caption-attachment-10108\" class=\"wp-caption-text\"><strong>Foto<\/strong>: Ed Alves\/CB\/D.A Press.<\/figcaption><\/figure>\n<p>Moro teve que recuar na nomea\u00e7\u00e3o da especialista em seguran\u00e7a p\u00fablica Ilona Sz\u00e1bo como suplente do Conselho de Pol\u00edtica Criminal. Ela \u00e9 contr\u00e1ria ao afrouxamento das regras de acesso a armas, proposta de campanha que Bolsonaro que est\u00e1 sendo colocada em pr\u00e1tica. Bolsonaro preferiu seguir o que seus seguidores nas redes sociais pediam, em vez de apoiar seu ministro.<\/p>\n<p>&nbsp;<\/p>\n<p>Guedes, por sua vez, foi desmoralizado pelo chefe, que, antes mesmo de a proposta de reforma da Previd\u00eancia come\u00e7ar a tramitar no Congresso, admitiu que pode ceder em v\u00e1rios pontos, a come\u00e7ar pela redu\u00e7\u00e3o da idade m\u00ednima de aposentadoria de mulheres, de 62 para 60 anos, e pelo BPC, programa de atende idosos pobres.<\/p>\n<p>&nbsp;<\/p>\n<p><strong>Clima ruim<\/strong><\/p>\n<p>&nbsp;<\/p>\n<p>Depois do desgaste imposto aos dois ministros, o clima dentro do governo \u00e9 de apreens\u00e3o. Teme-se que o processo de desqualifica\u00e7\u00e3o se torne rotina, o que ser\u00e1 p\u00e9ssimo para o governo. Moro e Guedes s\u00e3o refer\u00eancias quando se pensa em equil\u00edbrio dentro de uma administra\u00e7\u00e3o que vem sendo marcada por muitas pol\u00eamicas e recuos.<\/p>\n<p>&nbsp;<\/p>\n<p>A ordem na Esplanada, por\u00e9m, \u00e9 manter o discurso de que os ministros da Economia e da Justi\u00e7a nunca estiveram t\u00e3o fortes, e que desaven\u00e7as s\u00e3o normais. Quem conhece Bras\u00edlia sabe que, quando as coisas come\u00e7am assim, o destino \u00e9 um s\u00f3: o abandono do governo.<\/p>\n<p>&nbsp;<\/p>\n<p>Bolsonaro, dizem t\u00e9cnicos experientes, deve ficar atento. Se continuar metendo os p\u00e9s pelas m\u00e3os, pode empurrar seu governo ladeira abaixo. Moro \u00e9 o sustent\u00e1culo de um governo que vem sendo ligado a um laranjal de candidaturas irregulares nas elei\u00e7\u00f5es. Guedes \u00e9 visto pelos donos do dinheiro como a garantia de que a reforma da Previd\u00eancia, fundamental para o equil\u00edbrio das contas p\u00fablicas, ser\u00e1 feita sem abrir m\u00e3o da economia prometida de R$ 1,1 trilh\u00e3o em 10 anos.<\/p>\n<p>&nbsp;<\/p>\n<p><em>Bras\u00edlia, 10h07min<\/em><\/p>\n","protected":false},"excerpt":{"rendered":"<p>Bras\u00edlia n\u00e3o perdoa. Dois meses depois de chegarem \u00e0 cidade com a fama de superministros, S\u00e9rgio Moro, da Justi\u00e7a, e Paulo Guedes, da Economia, ficaram menores. O presidente Jair Bolsonaro tratou de mostrar aos dois que o poder que achavam que tinham n\u00e3o \u00e9 t\u00e3o grande assim. N\u00e3o devem, portanto, serem vistos, como fiadores do [&hellip;]<\/p>\n","protected":false},"author":22,"featured_media":0,"comment_status":"open","ping_status":"closed","sticky":false,"template":"","format":"standard","meta":{"footnotes":""},"categories":[600],"tags":[2554,3716,3613,429,614,42],"class_list":["post-10105","post","type-post","status-publish","format-standard","hentry","category-economia","tag-bolsonaro","tag-ilona","tag-paulo-guedes","tag-previdencia","tag-reforma","tag-sergio-moro"],"_links":{"self":[{"href":"https:\/\/blogs.correiobraziliense.com.br\/vicente\/wp-json\/wp\/v2\/posts\/10105","targetHints":{"allow":["GET"]}}],"collection":[{"href":"https:\/\/blogs.correiobraziliense.com.br\/vicente\/wp-json\/wp\/v2\/posts"}],"about":[{"href":"https:\/\/blogs.correiobraziliense.com.br\/vicente\/wp-json\/wp\/v2\/types\/post"}],"author":[{"embeddable":true,"href":"https:\/\/blogs.correiobraziliense.com.br\/vicente\/wp-json\/wp\/v2\/users\/22"}],"replies":[{"embeddable":true,"href":"https:\/\/blogs.correiobraziliense.com.br\/vicente\/wp-json\/wp\/v2\/comments?post=10105"}],"version-history":[{"count":1,"href":"https:\/\/blogs.correiobraziliense.com.br\/vicente\/wp-json\/wp\/v2\/posts\/10105\/revisions"}],"predecessor-version":[{"id":10109,"href":"https:\/\/blogs.correiobraziliense.com.br\/vicente\/wp-json\/wp\/v2\/posts\/10105\/revisions\/10109"}],"wp:attachment":[{"href":"https:\/\/blogs.correiobraziliense.com.br\/vicente\/wp-json\/wp\/v2\/media?parent=10105"}],"wp:term":[{"taxonomy":"category","embeddable":true,"href":"https:\/\/blogs.correiobraziliense.com.br\/vicente\/wp-json\/wp\/v2\/categories?post=10105"},{"taxonomy":"post_tag","embeddable":true,"href":"https:\/\/blogs.correiobraziliense.com.br\/vicente\/wp-json\/wp\/v2\/tags?post=10105"}],"curies":[{"name":"wp","href":"https:\/\/api.w.org\/{rel}","templated":true}]}}