{"id":10103,"date":"2019-03-01T13:16:17","date_gmt":"2019-03-01T16:16:17","guid":{"rendered":"https:\/\/blogs.correiobraziliense.com.br\/vicente\/?p=10103"},"modified":"2019-03-01T16:15:58","modified_gmt":"2019-03-01T19:15:58","slug":"ana-paula-vescovi-vai-para-o-santander-em-julho","status":"publish","type":"post","link":"https:\/\/blogs.correiobraziliense.com.br\/vicente\/ana-paula-vescovi-vai-para-o-santander-em-julho\/","title":{"rendered":"Ana Paula Vescovi vai para o Santander em julho"},"content":{"rendered":"<h2>ROSANA HESSEL<\/h2>\n<h2>A ex-secret\u00e1ria-executiva do Minist\u00e9rio da Fazenda, Ana Paula Vescovi, est\u00e1 de malas prontas para S\u00e3o Paulo, onde vai assumir a Diretoria de Economia do Santander. O per\u00edodo de quarentena, segundo ela, termina em 30 de junho e, a partir de julho passar\u00e1 a fazer parte da equipe de economistas do banco espanhol.<\/h2>\n<p>&nbsp;<\/p>\n<p>No governo de Michel Temer, Ana Paula foi secret\u00e1ria do Tesouro Nacional da Fazenda antes de assumir a secretaria-executiva em abril de 2018. Ela tamb\u00e9m foi presidente do Conselho de Administra\u00e7\u00e3o da Caixa Econ\u00f4mica Federal, onde foi respons\u00e1vel por executar a recomenda\u00e7\u00e3o do Banco Central demitindo todos os vice-presidentes da Caixa no in\u00edcio do ano passado, quando foram afastados sob investiga\u00e7\u00e3o.<\/p>\n<p>&nbsp;<\/p>\n<p>Antes de ir para o Tesouro, onde foi a primeira mulher a comandar o \u00f3rg\u00e3o, Ana Paula foi secret\u00e1ria\u00a0da Fazenda do Esp\u00edrito Santo, onde ajudou a coordenar o ajuste fiscal que contribuiu para equilibrar as contas capixabas, garantindo ao estado a \u00fanica nota A no ranking de risco de garantias do Tesouro Nacional entre os entes federativos. A economista tamb\u00e9m presidiu o Conselho de Administra\u00e7\u00e3o do IRB Brasil Re.<\/p>\n<p>&nbsp;<\/p>\n<p>Conforme comunicado da institui\u00e7\u00e3o, o economista-chefe Maur\u00edcio Molan permanece na equipe que passar\u00e1 a ser comandada por Ana Paula.<\/p>\n<p>&nbsp;<\/p>\n","protected":false},"excerpt":{"rendered":"<p>ROSANA HESSEL\u00a0<\/p>\n<p>A ex-secret\u00e1ria-executiva do Minist\u00e9rio da Fazenda, Ana Paula Vescovi, est\u00e1 de malas prontas para S\u00e3o Paulo, onde vai assumir a Diretoria de Economia do Santander. O per\u00edodo de quarentena, segundo ela, termina em 30 de junho e, a partir de julho passar\u00e1 a fazer parte da equipe de economistas do banco espanhol.\u00a0<\/p>\n","protected":false},"author":22,"featured_media":0,"comment_status":"open","ping_status":"closed","sticky":false,"template":"","format":"standard","meta":{"footnotes":""},"categories":[600],"tags":[1046,400,121],"class_list":["post-10103","post","type-post","status-publish","format-standard","hentry","category-economia","tag-ana-paula-vescovi","tag-santander","tag-tesouro-nacional"],"_links":{"self":[{"href":"https:\/\/blogs.correiobraziliense.com.br\/vicente\/wp-json\/wp\/v2\/posts\/10103","targetHints":{"allow":["GET"]}}],"collection":[{"href":"https:\/\/blogs.correiobraziliense.com.br\/vicente\/wp-json\/wp\/v2\/posts"}],"about":[{"href":"https:\/\/blogs.correiobraziliense.com.br\/vicente\/wp-json\/wp\/v2\/types\/post"}],"author":[{"embeddable":true,"href":"https:\/\/blogs.correiobraziliense.com.br\/vicente\/wp-json\/wp\/v2\/users\/22"}],"replies":[{"embeddable":true,"href":"https:\/\/blogs.correiobraziliense.com.br\/vicente\/wp-json\/wp\/v2\/comments?post=10103"}],"version-history":[{"count":3,"href":"https:\/\/blogs.correiobraziliense.com.br\/vicente\/wp-json\/wp\/v2\/posts\/10103\/revisions"}],"predecessor-version":[{"id":10107,"href":"https:\/\/blogs.correiobraziliense.com.br\/vicente\/wp-json\/wp\/v2\/posts\/10103\/revisions\/10107"}],"wp:attachment":[{"href":"https:\/\/blogs.correiobraziliense.com.br\/vicente\/wp-json\/wp\/v2\/media?parent=10103"}],"wp:term":[{"taxonomy":"category","embeddable":true,"href":"https:\/\/blogs.correiobraziliense.com.br\/vicente\/wp-json\/wp\/v2\/categories?post=10103"},{"taxonomy":"post_tag","embeddable":true,"href":"https:\/\/blogs.correiobraziliense.com.br\/vicente\/wp-json\/wp\/v2\/tags?post=10103"}],"curies":[{"name":"wp","href":"https:\/\/api.w.org\/{rel}","templated":true}]}}