{"id":10100,"date":"2019-02-28T09:40:53","date_gmt":"2019-02-28T12:40:53","guid":{"rendered":"https:\/\/blogs.correiobraziliense.com.br\/vicente\/?p=10100"},"modified":"2019-02-28T18:57:21","modified_gmt":"2019-02-28T21:57:21","slug":"busca-maior-por-seguros-de-vida-e-planos-de-previdencia","status":"publish","type":"post","link":"https:\/\/blogs.correiobraziliense.com.br\/vicente\/busca-maior-por-seguros-de-vida-e-planos-de-previdencia\/","title":{"rendered":"Busca maior por seguros de vida e planos de previd\u00eancia"},"content":{"rendered":"<h2>HAMILTON FERRARI<\/h2>\n<h2><\/h2>\n<h2>Levantamento realizado pela seguradora Mongeral Aegon aponta que a procura por seguro de vida registrou aumento de 35% no Distrito Federal em 2018 quando comparado a 2017. Tamb\u00e9m houve incremento de 12% na procura por planos de previd\u00eancia complementar, movimento impulsionado, principalmente, pelas discuss\u00f5es em torno da reforma da previd\u00eancia.<\/h2>\n<p>&nbsp;<\/p>\n<p>No caso dos seguros, diz\u00a0Rodrigo Moscoso, superintendente regional da Mongeral Aegon, o aumento da procura\u00a0\u00e9 consequ\u00eancia de um conjunto de fatores. &#8220;Dentre eles, podemos citar a maior conscientiza\u00e7\u00e3o e aculturamento da popula\u00e7\u00e3o sobre a import\u00e2ncia do planejamento financeiro. Contam tamb\u00e9m para este resultado o desenvolvimento e a oferta de produtos cada vez mais personalizados e aderentes \u00e0s necessidades das pessoas\u201d, ressalta.<\/p>\n<p>&nbsp;<\/p>\n<p>Quanto \u00e0 busca por planos privados de previd\u00eancia, Moscoso entende que os consumidores est\u00e3o tentando se proteger das mudan\u00e7as propostas pelo governo no regime previdenci\u00e1rio. \u201cNesse cen\u00e1rio, acreditamos que o mercado demandar\u00e1 ainda mais planos privados para planejar a hora do merecido descanso\u201d, completa.<\/p>\n<p>&nbsp;<\/p>\n<p><em>Bras\u00edlia, 09h40min<\/em><\/p>\n","protected":false},"excerpt":{"rendered":"<p>HAMILTON FERRARI Levantamento realizado pela seguradora Mongeral Aegon aponta que a procura por seguro de vida registrou aumento de 35% no Distrito Federal em 2018 quando comparado a 2017. Tamb\u00e9m houve incremento de 12% na procura por planos de previd\u00eancia complementar, movimento impulsionado, principalmente, pelas discuss\u00f5es em torno da reforma da previd\u00eancia. &nbsp; No caso [&hellip;]<\/p>\n","protected":false},"author":22,"featured_media":0,"comment_status":"open","ping_status":"closed","sticky":false,"template":"","format":"standard","meta":{"footnotes":""},"categories":[600],"tags":[2606,429,614,3320,3715],"class_list":["post-10100","post","type-post","status-publish","format-standard","hentry","category-economia","tag-planos","tag-previdencia","tag-reforma","tag-seguro","tag-vida"],"_links":{"self":[{"href":"https:\/\/blogs.correiobraziliense.com.br\/vicente\/wp-json\/wp\/v2\/posts\/10100","targetHints":{"allow":["GET"]}}],"collection":[{"href":"https:\/\/blogs.correiobraziliense.com.br\/vicente\/wp-json\/wp\/v2\/posts"}],"about":[{"href":"https:\/\/blogs.correiobraziliense.com.br\/vicente\/wp-json\/wp\/v2\/types\/post"}],"author":[{"embeddable":true,"href":"https:\/\/blogs.correiobraziliense.com.br\/vicente\/wp-json\/wp\/v2\/users\/22"}],"replies":[{"embeddable":true,"href":"https:\/\/blogs.correiobraziliense.com.br\/vicente\/wp-json\/wp\/v2\/comments?post=10100"}],"version-history":[{"count":1,"href":"https:\/\/blogs.correiobraziliense.com.br\/vicente\/wp-json\/wp\/v2\/posts\/10100\/revisions"}],"predecessor-version":[{"id":10101,"href":"https:\/\/blogs.correiobraziliense.com.br\/vicente\/wp-json\/wp\/v2\/posts\/10100\/revisions\/10101"}],"wp:attachment":[{"href":"https:\/\/blogs.correiobraziliense.com.br\/vicente\/wp-json\/wp\/v2\/media?parent=10100"}],"wp:term":[{"taxonomy":"category","embeddable":true,"href":"https:\/\/blogs.correiobraziliense.com.br\/vicente\/wp-json\/wp\/v2\/categories?post=10100"},{"taxonomy":"post_tag","embeddable":true,"href":"https:\/\/blogs.correiobraziliense.com.br\/vicente\/wp-json\/wp\/v2\/tags?post=10100"}],"curies":[{"name":"wp","href":"https:\/\/api.w.org\/{rel}","templated":true}]}}