{"id":10098,"date":"2019-02-28T18:01:48","date_gmt":"2019-02-28T21:01:48","guid":{"rendered":"https:\/\/blogs.correiobraziliense.com.br\/vicente\/?p=10098"},"modified":"2019-02-28T18:27:17","modified_gmt":"2019-02-28T21:27:17","slug":"para-governo-fim-do-ministerio-do-trabalho-ajudou-a-reduzir-a-corrupcao","status":"publish","type":"post","link":"https:\/\/blogs.correiobraziliense.com.br\/vicente\/para-governo-fim-do-ministerio-do-trabalho-ajudou-a-reduzir-a-corrupcao\/","title":{"rendered":"Para governo, fim do Minist\u00e9rio do Trabalho ajudou a reduzir a corrup\u00e7\u00e3o"},"content":{"rendered":"<h2>Passados dois meses da extin\u00e7\u00e3o do Minist\u00e9rio do Trabalho e da distribui\u00e7\u00e3o de suas fun\u00e7\u00f5es por v\u00e1rios \u00f3rg\u00e3o da Esplanada, t\u00e9cnicos da equipe econ\u00f4mica n\u00e3o t\u00eam d\u00favidas de que a medida ajudou a reduzir a corrup\u00e7\u00e3o. A pasta, que vinha sendo comandada pelo PTB desde 2016, havia se transformado em um balc\u00e3o de neg\u00f3cios.<\/h2>\n<p>&nbsp;<\/p>\n<p>T\u00e9cnicos que avaliaram o funcionamento do Minist\u00e9rio do Trabalho dizem que os esquemas de corrup\u00e7\u00e3o eram tocados, quase sempre, pelo alto escal\u00e3o. Ao contr\u00e1rio de outros minist\u00e9rios, no Trabalho, o ministro fazia quest\u00e3o de assinar todos os contratos, o que indica uma forma de controle do que deveria ser pago em propina.<\/p>\n<p>&nbsp;<\/p>\n<p><strong>Esquemas<\/strong><\/p>\n<p>&nbsp;<\/p>\n<p>Nos demais minist\u00e9rios, \u00e9 a \u00e1rea financeira, que cuida da libera\u00e7\u00e3o de dinheiro, a respons\u00e1vel pelo controle de todos os contratos. Os ministros delegam poderes. Na antiga pasta do Trabalho, tudo tinha que ter a chancela ministerial. &#8220;O que se pode depreender disso \u00e9 que era uma forma de manter o controle de todos os esquemas&#8221;, ressalta um t\u00e9cnico.<\/p>\n<p>&nbsp;<\/p>\n<p>N\u00e3o custa lembrar que, durante o governo de Michel Temer, o ent\u00e3o ministro do Trabalho, Helton Yomura, foi afastado e pediu demiss\u00e3o depois de ser alvo de investiga\u00e7\u00e3o da\u00a0Opera\u00e7\u00e3o Esp\u00fario, que apura a concess\u00e3o de registro sindicais em troca do pagamento de propina. Yomura foi indicado pelo presidente do PTB, Roberto Jefferson, que cumpriu pena por corrup\u00e7\u00e3o no processo do mensal\u00e3o.<\/p>\n<p>&nbsp;<\/p>\n<p><em>Bras\u00edlia, 18h01min<\/em><\/p>\n","protected":false},"excerpt":{"rendered":"<p>Passados dois meses da extin\u00e7\u00e3o do Minist\u00e9rio do Trabalho e da distribui\u00e7\u00e3o de suas fun\u00e7\u00f5es por v\u00e1rios \u00f3rg\u00e3o da Esplanada, t\u00e9cnicos da equipe econ\u00f4mica n\u00e3o t\u00eam d\u00favidas de que a medida ajudou a reduzir a corrup\u00e7\u00e3o. A pasta, que vinha sendo comandada pelo PTB desde 2016, havia se transformado em um balc\u00e3o de neg\u00f3cios. &nbsp; [&hellip;]<\/p>\n","protected":false},"author":22,"featured_media":0,"comment_status":"open","ping_status":"closed","sticky":false,"template":"","format":"standard","meta":{"footnotes":""},"categories":[600],"tags":[255,1375,1836,3416,2307],"class_list":["post-10098","post","type-post","status-publish","format-standard","hentry","category-economia","tag-corrupcao","tag-extincao","tag-ministerio","tag-ptb","tag-trabalho"],"_links":{"self":[{"href":"https:\/\/blogs.correiobraziliense.com.br\/vicente\/wp-json\/wp\/v2\/posts\/10098","targetHints":{"allow":["GET"]}}],"collection":[{"href":"https:\/\/blogs.correiobraziliense.com.br\/vicente\/wp-json\/wp\/v2\/posts"}],"about":[{"href":"https:\/\/blogs.correiobraziliense.com.br\/vicente\/wp-json\/wp\/v2\/types\/post"}],"author":[{"embeddable":true,"href":"https:\/\/blogs.correiobraziliense.com.br\/vicente\/wp-json\/wp\/v2\/users\/22"}],"replies":[{"embeddable":true,"href":"https:\/\/blogs.correiobraziliense.com.br\/vicente\/wp-json\/wp\/v2\/comments?post=10098"}],"version-history":[{"count":1,"href":"https:\/\/blogs.correiobraziliense.com.br\/vicente\/wp-json\/wp\/v2\/posts\/10098\/revisions"}],"predecessor-version":[{"id":10099,"href":"https:\/\/blogs.correiobraziliense.com.br\/vicente\/wp-json\/wp\/v2\/posts\/10098\/revisions\/10099"}],"wp:attachment":[{"href":"https:\/\/blogs.correiobraziliense.com.br\/vicente\/wp-json\/wp\/v2\/media?parent=10098"}],"wp:term":[{"taxonomy":"category","embeddable":true,"href":"https:\/\/blogs.correiobraziliense.com.br\/vicente\/wp-json\/wp\/v2\/categories?post=10098"},{"taxonomy":"post_tag","embeddable":true,"href":"https:\/\/blogs.correiobraziliense.com.br\/vicente\/wp-json\/wp\/v2\/tags?post=10098"}],"curies":[{"name":"wp","href":"https:\/\/api.w.org\/{rel}","templated":true}]}}