{"id":10095,"date":"2019-02-28T15:01:52","date_gmt":"2019-02-28T18:01:52","guid":{"rendered":"https:\/\/blogs.correiobraziliense.com.br\/vicente\/?p=10095"},"modified":"2019-02-28T15:55:51","modified_gmt":"2019-02-28T18:55:51","slug":"paulo-guedes-vai-aceitar-ser-desmoralizado-na-reforma-da-previdencia","status":"publish","type":"post","link":"https:\/\/blogs.correiobraziliense.com.br\/vicente\/paulo-guedes-vai-aceitar-ser-desmoralizado-na-reforma-da-previdencia\/","title":{"rendered":"Paulo Guedes vai aceitar ser desmoralizado na reforma da Previd\u00eancia?"},"content":{"rendered":"<h2>Os investidores est\u00e3o assustados \u2014 a Bolsa de Valores despencou quase 2% \u2014 com a declara\u00e7\u00e3o do presidente Jair Bolsonaro de que o Congresso pode reduzir a idade m\u00ednima de aposentadoria para mulheres, de 62 para 60 anos, na proposta de reforma da Previd\u00eancia. Mas n\u00e3o h\u00e1 raz\u00e3o para tanto susto. O chefe do Executivo sempre foi a favor de uma idade m\u00ednima menor para as mulheres e para os homens.<\/h2>\n<p>&nbsp;<\/p>\n<p><a href=\"https:\/\/blogs.correiobraziliense.com.br\/vicente\/wp-content\/uploads\/sites\/16\/2019\/01\/PauloGuedes.jpg\"><img loading=\"lazy\" decoding=\"async\" class=\"wp-image-9817 alignleft\" src=\"https:\/\/blogs.correiobraziliense.com.br\/vicente\/wp-content\/uploads\/sites\/16\/2019\/01\/PauloGuedes.jpg\" alt=\"\" width=\"258\" height=\"173\" \/><\/a><\/p>\n<p>At\u00e9 o \u00faltimo instante de a equipe econ\u00f4mica apresentar o projeto de reforma, Bolsonaro defendeu idades m\u00ednimas menores de aposentadorias. Tanto que, ao fim de seu governo, em 2022, as idades ser\u00e3o de 57 anos paras as mulheres e de 62 para os homens.<\/p>\n<p>&nbsp;<\/p>\n<p>Bolsonaro acabou aceitando ser mais rigoroso, depois de ouvir os apelos do ministro da Economia, Paulo Guedes, de que seria uma desmoraliza\u00e7\u00e3o para ele e para a equipe dele apresentar uma proposta frouxa de reforma, contrariando o discurso sustentado at\u00e9 ali. Guedes tamb\u00e9m prometeu crescimento maior da economia com uma reforma mais dura.<\/p>\n<p>&nbsp;<\/p>\n<p>Quem se deu ao trabalho de rever os discursos de Bolsonaro antes de ele ser eleito presidente sabe que o capit\u00e3o reformado sempre foi contra a reforma da Previd\u00eancia. Ele foi mudando o discurso ao longo da campanha, orientado por Guedes. Recentemente, pediu desculpas por ter votado contra as propostas anteriores de mudan\u00e7as na Previd\u00eancia.<\/p>\n<p>&nbsp;<\/p>\n<p>No que depender de Bolsonaro, a reforma poder\u00e1 ser desfigurada sem estresses pelo Congresso. Ele n\u00e3o quer ficar com a pecha de que imp\u00f4s um custo alto demais aos trabalhadores. Para ele, quanto mais amenas forem as mudan\u00e7as no sistema previdenci\u00e1rio, melhor. Por isso, tamb\u00e9m o sinal para mudan\u00e7a no BPC, que garante benef\u00edcios aos idosos mais velhos.<\/p>\n<p>&nbsp;<\/p>\n<p>O lado populista do presidente sempre falar\u00e1 mais alto. Resta saber o que far\u00e1 seu superministro da Economia, que tem feito um esfor\u00e7o monumental para manter intacto o grosso da Proposta de Emenda Constitucional (PEC) da Previd\u00eancia, que prev\u00ea economia de R$ 1,1 trilh\u00e3o em uma d\u00e9cada. Paulo Guedes vai aceitar ser desmoralizado?<\/p>\n<p>&nbsp;<\/p>\n<p><em>Bras\u00edlia,\u00a0 15h01min<\/em><\/p>\n","protected":false},"excerpt":{"rendered":"<p>Os investidores est\u00e3o assustados \u2014 a Bolsa de Valores despencou quase 2% \u2014 com a declara\u00e7\u00e3o do presidente Jair Bolsonaro de que o Congresso pode reduzir a idade m\u00ednima de aposentadoria para mulheres, de 62 para 60 anos, na proposta de reforma da Previd\u00eancia. Mas n\u00e3o h\u00e1 raz\u00e3o para tanto susto. O chefe do Executivo [&hellip;]<\/p>\n","protected":false},"author":22,"featured_media":0,"comment_status":"open","ping_status":"closed","sticky":false,"template":"","format":"standard","meta":{"footnotes":""},"categories":[600],"tags":[],"class_list":["post-10095","post","type-post","status-publish","format-standard","hentry","category-economia"],"_links":{"self":[{"href":"https:\/\/blogs.correiobraziliense.com.br\/vicente\/wp-json\/wp\/v2\/posts\/10095","targetHints":{"allow":["GET"]}}],"collection":[{"href":"https:\/\/blogs.correiobraziliense.com.br\/vicente\/wp-json\/wp\/v2\/posts"}],"about":[{"href":"https:\/\/blogs.correiobraziliense.com.br\/vicente\/wp-json\/wp\/v2\/types\/post"}],"author":[{"embeddable":true,"href":"https:\/\/blogs.correiobraziliense.com.br\/vicente\/wp-json\/wp\/v2\/users\/22"}],"replies":[{"embeddable":true,"href":"https:\/\/blogs.correiobraziliense.com.br\/vicente\/wp-json\/wp\/v2\/comments?post=10095"}],"version-history":[{"count":1,"href":"https:\/\/blogs.correiobraziliense.com.br\/vicente\/wp-json\/wp\/v2\/posts\/10095\/revisions"}],"predecessor-version":[{"id":10096,"href":"https:\/\/blogs.correiobraziliense.com.br\/vicente\/wp-json\/wp\/v2\/posts\/10095\/revisions\/10096"}],"wp:attachment":[{"href":"https:\/\/blogs.correiobraziliense.com.br\/vicente\/wp-json\/wp\/v2\/media?parent=10095"}],"wp:term":[{"taxonomy":"category","embeddable":true,"href":"https:\/\/blogs.correiobraziliense.com.br\/vicente\/wp-json\/wp\/v2\/categories?post=10095"},{"taxonomy":"post_tag","embeddable":true,"href":"https:\/\/blogs.correiobraziliense.com.br\/vicente\/wp-json\/wp\/v2\/tags?post=10095"}],"curies":[{"name":"wp","href":"https:\/\/api.w.org\/{rel}","templated":true}]}}