{"id":10076,"date":"2019-02-28T10:25:06","date_gmt":"2019-02-28T13:25:06","guid":{"rendered":"https:\/\/blogs.correiobraziliense.com.br\/vicente\/?p=10076"},"modified":"2019-02-28T12:23:26","modified_gmt":"2019-02-28T15:23:26","slug":"novo-presidente-do-banco-central-toma-posse-em-cerimonia-fechada","status":"publish","type":"post","link":"https:\/\/blogs.correiobraziliense.com.br\/vicente\/novo-presidente-do-banco-central-toma-posse-em-cerimonia-fechada\/","title":{"rendered":"Novo presidente do Banco Central toma posse em cerim\u00f4nia fechada"},"content":{"rendered":"<h5>ROSANA HESSEL<\/h5>\n<p>O presidente Jair Bolsonaro deu posse ao novo presidente do Banco Central, Roberto Campos Neto, na manh\u00e3 desta quinta-feira (28\/02), em seu gabinete do terceiro andar do Pal\u00e1cio do Planalto, em cerim\u00f4nia fechada com a presen\u00e7a de poucas pessoas, como o ministro da Economia, Paulo Guedes e Adriana Buccolo de Oliveira Campos, esposa do novo ministro.<\/p>\n<p>Al\u00e9m de assinar o termo de posse de Campos Neto, o chefe do Executivo tamb\u00e9m assinou a exonera\u00e7\u00e3o do atual presidente Ilan Goldfajn. A cerim\u00f4nia foi encerrada pouco antes das 10h e n\u00e3o houve pronunciamento \u00e0 imprensa.<\/p>\n<p>Quando tomou posse em 9 de junho de 2016, Goldfajn tamb\u00e9m teve cerim\u00f4nia a portas fechadas no Planalto com o ent\u00e3o ex-presidente Michel Temer e o ex-ministro da Fazenda, Henrique Meirelles. De acordo com a assessoria do BC, a transmiss\u00e3o de cargo do novo presidente da autoridade monet\u00e1ria ocorrer\u00e1 depois do Carnaval, \u00e0s 15h do dia 13, em \u201cuma solenidade na qual s\u00e3o feitos os discursos e h\u00e1 presen\u00e7a de convidados\u201d.<\/p>\n<p>Economista com especializa\u00e7\u00e3o pela Universidade da Calif\u00f3rnia (UCLA), em Los Angeles (Estados Unidos) , Campos Neto \u00e9 neto de Roberto Campos, um dos maiores representantes do liberalismo econ\u00f4mico, falecido em 2001. A sabatina do novo ministro, que teve passagens pelo banco Santander e pela gestora de recursos Claritas, ocorreu na \u00faltima ter\u00e7a-feira (26\/02) na Comiss\u00e3o de Assuntos Econ\u00f4micos (CAE), do Senado, que foi presidida pelo o av\u00f4 entre 1983 e 1984. Grande defensor da autonomia do Banco Central, Roberto Campos foi ministro do Planejamento no governo do general Castello Branco, e, em sua gest\u00e3o, a entidade foi criada.<\/p>\n<p>O termo de posse de Campos Neto e a exonera\u00e7\u00e3o de Goldfajn ser\u00e3o publicados ainda hoje, em edi\u00e7\u00e3o extra do Di\u00e1rio Oficial da Uni\u00e3o (DOU), de acordo com a Casa Civil.<\/p>\n<h2>Metas<\/h2>\n<p>O principal objetivo do presidente do Banco Central \u00e9 controlar a infla\u00e7\u00e3o e preservar a capacidade de compra da moeda nacional, utilizando os instrumentos da pol\u00edtica monet\u00e1ria. Para isso, o BC foca na infla\u00e7\u00e3o oficial, medida pelo \u00cdndice de Pre\u00e7os ao Consumidor Amplo (IPCA) para cumprir a meta estabelecida pelo Conselho Monet\u00e1rio Nacional (CMN).<\/p>\n<p>Neste ano, a meta a ser perseguida por Campos Neto \u00e9 de 4,25% ao ano, com margem de toler\u00e2ncia de 1,5 ponto percentual para baixo ou para cima, ou seja, podendo variar entre 2,75% e 5,75%. Para 2020 e 2021, os objetivos s\u00e3o de 4% e 3,7%, respectivamente. Essas metas podem variar entre 2,5% e 5,5%, em 2020, e entre 2,25% e 5,25%, em 2021.<\/p>\n<p>&nbsp;<\/p>\n","protected":false},"excerpt":{"rendered":"<p>ROSANA HESSEL<\/p>\n<p>O presidente Jair Bolsonaro deu posse ao novo presidente do Banco Central, Roberto Campos Neto, na manh\u00e3 desta quinta-feira (28\/02), em seu gabinete do terceiro andar do Pal\u00e1cio do Planalto, em cerim\u00f4nia fechada com a presen\u00e7a de poucas pessoas, como o ministro da Economia, Paulo Guedes. Al\u00e9m de assinar o termo de posse de Campos Neto, o chefe do Executivo tamb\u00e9m assinou o termo de exonera\u00e7\u00e3o do atual presidente Ilan Goldfajn. A cerim\u00f4nia foi encerrada pouco antes das 10h e n\u00e3o houve pronunciamento \u00e0 imprensa.\u00a0<\/p>\n","protected":false},"author":22,"featured_media":10090,"comment_status":"open","ping_status":"closed","sticky":false,"template":"","format":"standard","meta":{"footnotes":""},"categories":[600],"tags":[3,589,2922,3714],"class_list":["post-10076","post","type-post","status-publish","format-standard","has-post-thumbnail","hentry","category-economia","tag-banco-central","tag-economia","tag-jair-bolsonaro","tag-roberto-campos-neto"],"_links":{"self":[{"href":"https:\/\/blogs.correiobraziliense.com.br\/vicente\/wp-json\/wp\/v2\/posts\/10076","targetHints":{"allow":["GET"]}}],"collection":[{"href":"https:\/\/blogs.correiobraziliense.com.br\/vicente\/wp-json\/wp\/v2\/posts"}],"about":[{"href":"https:\/\/blogs.correiobraziliense.com.br\/vicente\/wp-json\/wp\/v2\/types\/post"}],"author":[{"embeddable":true,"href":"https:\/\/blogs.correiobraziliense.com.br\/vicente\/wp-json\/wp\/v2\/users\/22"}],"replies":[{"embeddable":true,"href":"https:\/\/blogs.correiobraziliense.com.br\/vicente\/wp-json\/wp\/v2\/comments?post=10076"}],"version-history":[{"count":10,"href":"https:\/\/blogs.correiobraziliense.com.br\/vicente\/wp-json\/wp\/v2\/posts\/10076\/revisions"}],"predecessor-version":[{"id":10094,"href":"https:\/\/blogs.correiobraziliense.com.br\/vicente\/wp-json\/wp\/v2\/posts\/10076\/revisions\/10094"}],"wp:featuredmedia":[{"embeddable":true,"href":"https:\/\/blogs.correiobraziliense.com.br\/vicente\/wp-json\/wp\/v2\/media\/10090"}],"wp:attachment":[{"href":"https:\/\/blogs.correiobraziliense.com.br\/vicente\/wp-json\/wp\/v2\/media?parent=10076"}],"wp:term":[{"taxonomy":"category","embeddable":true,"href":"https:\/\/blogs.correiobraziliense.com.br\/vicente\/wp-json\/wp\/v2\/categories?post=10076"},{"taxonomy":"post_tag","embeddable":true,"href":"https:\/\/blogs.correiobraziliense.com.br\/vicente\/wp-json\/wp\/v2\/tags?post=10076"}],"curies":[{"name":"wp","href":"https:\/\/api.w.org\/{rel}","templated":true}]}}