{"id":10073,"date":"2019-02-27T15:55:56","date_gmt":"2019-02-27T18:55:56","guid":{"rendered":"https:\/\/blogs.correiobraziliense.com.br\/vicente\/?p=10073"},"modified":"2019-02-27T20:14:54","modified_gmt":"2019-02-27T23:14:54","slug":"cupula-do-ministerio-da-economia-quer-punicoes-na-receita","status":"publish","type":"post","link":"https:\/\/blogs.correiobraziliense.com.br\/vicente\/cupula-do-ministerio-da-economia-quer-punicoes-na-receita\/","title":{"rendered":"C\u00fapula do Minist\u00e9rio da Economia quer puni\u00e7\u00f5es na Receita"},"content":{"rendered":"<h2>O vazamento pela Receita Federal de fiscaliza\u00e7\u00f5es de pessoas politicamente expostas, sobretudo do Judici\u00e1rio, merece puni\u00e7\u00f5es exemplares na avalia\u00e7\u00e3o de integrantes da c\u00fapula do Minist\u00e9rio da Economia, ao qual o Fisco est\u00e1 subordinado.<\/h2>\n<p>&nbsp;<\/p>\n<p>Todos os integrantes da equipe de Paulo Guedes acreditam que a Receita est\u00e1 sem controle, por isso, a divulga\u00e7\u00e3o de informa\u00e7\u00f5es sigilosas envolvendo os ministros do Supremo Tribunal Federal (STF), Gilmar Mendes, a mulher do presidente do STF, Dias Toffoli, a advogada Roberta Maria Rangel, e a ministra do Superior Tribunal de Justi\u00e7a, Isabel Galotti.<\/p>\n<p>&nbsp;<\/p>\n<p>Na avalia\u00e7\u00e3o da c\u00fapula do Minist\u00e9rio da Economia, a Receita precisa &#8220;ser auditada&#8221;. Sob a alega\u00e7\u00e3o do sigilo fiscal, o \u00f3rg\u00e3o n\u00e3o que se submeter ao controle de ningu\u00e9m.<\/p>\n<p>&nbsp;<\/p>\n<p>No governo de Michel Temer, a ent\u00e3o secret\u00e1ria do Minist\u00e9rio da Fazenda, Ana Paula Vescovi, conseguiu aprovar um projeto em que a Receita passaria a ser fiscalizada e teria de compartilhar dados com o Tribunal de Contas da Uni\u00e3o (TCU) e com a Controladoria-Geral da Uni\u00e3o (CGU). E isso passou a acontecer.<\/p>\n<p>&nbsp;<\/p>\n<p><strong>Tudo como antes<\/strong><\/p>\n<p>&nbsp;<\/p>\n<p>Com a posse de Jair Bolsonaro, no entanto, a Receita voltou a ter o mesmo comportamento fechado. E uma rebeli\u00e3o tomou conta do \u00f3rg\u00e3o depois da nomea\u00e7\u00e3o do tributarista Marcos Cintra para comand\u00e1-lo. N\u00e3o por acaso, Cintra foi o maior defensor do pedido para que a Pol\u00edcia Federal investigue quem vazou dados sobre Gilmar Mendes e outros integrantes do Judici\u00e1rio.<\/p>\n<p>&nbsp;<\/p>\n<p>O entendimento no Minist\u00e9rio da Economia \u00e9 de que a Receita tem, sim, que investigar todos, pois ningu\u00e9m est\u00e1 acima do bem ou do mal. O problema \u00e9 o \u00f3rg\u00e3o se sentir soberano, n\u00e3o prestar contas a ningu\u00e9m e permitir que investiga\u00e7\u00f5es t\u00e9cnicas sejam usadas com interesses pol\u00edticos.<\/p>\n<p>&nbsp;<\/p>\n<p><em>Bras\u00edlia, 15h55min<\/em><\/p>\n","protected":false},"excerpt":{"rendered":"<p>O vazamento pela Receita Federal de fiscaliza\u00e7\u00f5es de pessoas politicamente expostas, sobretudo do Judici\u00e1rio, merece puni\u00e7\u00f5es exemplares na avalia\u00e7\u00e3o de integrantes da c\u00fapula do Minist\u00e9rio da Economia, ao qual o Fisco est\u00e1 subordinado. &nbsp; Todos os integrantes da equipe de Paulo Guedes acreditam que a Receita est\u00e1 sem controle, por isso, a divulga\u00e7\u00e3o de informa\u00e7\u00f5es [&hellip;]<\/p>\n","protected":false},"author":22,"featured_media":0,"comment_status":"open","ping_status":"closed","sticky":false,"template":"","format":"standard","meta":{"footnotes":""},"categories":[600],"tags":[1088,3526,8,2074,3713],"class_list":["post-10073","post","type-post","status-publish","format-standard","hentry","category-economia","tag-gilmar-mendes","tag-informacoes","tag-receita-federal","tag-sigilo","tag-vazamento"],"_links":{"self":[{"href":"https:\/\/blogs.correiobraziliense.com.br\/vicente\/wp-json\/wp\/v2\/posts\/10073","targetHints":{"allow":["GET"]}}],"collection":[{"href":"https:\/\/blogs.correiobraziliense.com.br\/vicente\/wp-json\/wp\/v2\/posts"}],"about":[{"href":"https:\/\/blogs.correiobraziliense.com.br\/vicente\/wp-json\/wp\/v2\/types\/post"}],"author":[{"embeddable":true,"href":"https:\/\/blogs.correiobraziliense.com.br\/vicente\/wp-json\/wp\/v2\/users\/22"}],"replies":[{"embeddable":true,"href":"https:\/\/blogs.correiobraziliense.com.br\/vicente\/wp-json\/wp\/v2\/comments?post=10073"}],"version-history":[{"count":1,"href":"https:\/\/blogs.correiobraziliense.com.br\/vicente\/wp-json\/wp\/v2\/posts\/10073\/revisions"}],"predecessor-version":[{"id":10074,"href":"https:\/\/blogs.correiobraziliense.com.br\/vicente\/wp-json\/wp\/v2\/posts\/10073\/revisions\/10074"}],"wp:attachment":[{"href":"https:\/\/blogs.correiobraziliense.com.br\/vicente\/wp-json\/wp\/v2\/media?parent=10073"}],"wp:term":[{"taxonomy":"category","embeddable":true,"href":"https:\/\/blogs.correiobraziliense.com.br\/vicente\/wp-json\/wp\/v2\/categories?post=10073"},{"taxonomy":"post_tag","embeddable":true,"href":"https:\/\/blogs.correiobraziliense.com.br\/vicente\/wp-json\/wp\/v2\/tags?post=10073"}],"curies":[{"name":"wp","href":"https:\/\/api.w.org\/{rel}","templated":true}]}}