{"id":10065,"date":"2019-02-26T19:02:09","date_gmt":"2019-02-26T22:02:09","guid":{"rendered":"https:\/\/blogs.correiobraziliense.com.br\/vicente\/?p=10065"},"modified":"2019-02-26T19:47:52","modified_gmt":"2019-02-26T22:47:52","slug":"infraero-vendera-49-que-detem-em-aeroportos-privados","status":"publish","type":"post","link":"https:\/\/blogs.correiobraziliense.com.br\/vicente\/infraero-vendera-49-que-detem-em-aeroportos-privados\/","title":{"rendered":"Infraero vender\u00e1 49% que det\u00e9m em aeroportos privados"},"content":{"rendered":"<h2>SIMONE KAFRUNI<\/h2>\n<h2><\/h2>\n<h2>O ministro da Infraestrutura, Tarc\u00edsio Gomes de Freitas, disse, nesta ter\u00e7a-feira (26\/2), que a participa\u00e7\u00e3o da estatal Infraero nos aeroportos j\u00e1 concedidos ser\u00e1 vendida antes mesmo de o governo tocar as pr\u00f3ximas rodadas de concess\u00e3o de terminais.<\/h2>\n<p>&nbsp;<\/p>\n<p>\u201cVamos vender. Isso tem um custo horroroso para n\u00f3s, porque aportamos dinheiro e n\u00e3o temos controle nenhum. O mais prudente a se fazer \u00e9 vender essas participa\u00e7\u00f5es\u201d, explicou, ao deixar a comiss\u00e3o de infraestrutura do Senado, ap\u00f3s uma longa audi\u00eancia.<\/p>\n<p>&nbsp;<\/p>\n<p>Freitas n\u00e3o pretende nem aguardar o pr\u00f3ximo leil\u00e3o de tr\u00eas blocos de 12 aeroportos, marcado para 15 de mar\u00e7o. \u201cVamos fazer j\u00e1. Vamos come\u00e7ar a estudar agora, fazer o valuation (avalia\u00e7\u00e3o do ativo) para colocar no mercado logo. N\u00e3o temos tempo\u201d, destacou. A estatal tem 49% de participa\u00e7\u00e3o nas concess\u00f5es dos aeroportos de Guarulhos (SP), Viracopos (SP), Gale\u00e3o (RJ) e Bras\u00edlia (DF).<\/p>\n<p>&nbsp;<\/p>\n<blockquote><p>&#8220;O ministro da Infraestrutura, Tarc\u00edsio Gomes de Freitas, disse que os 49% que a estatal det\u00eam representam \u201cum custo horroroso\u201d para os cofres p\u00fablicos e que vai se desfazer o quanto antes&#8221;<\/p><\/blockquote>\n<p>&nbsp;<\/p>\n<p>Ap\u00f3s a venda dessas participa\u00e7\u00f5es, o governo vai estudar o futuro da Infraero. \u201cCom certeza, vai reduzir de tamanho. Da\u00ed, vamos ver qual \u00e9 a nova voca\u00e7\u00e3o da empresa\u201d, disse. Conforme o ministro, a Infraero vai deixar de fazer administra\u00e7\u00e3o de aeroportos. \u201cVamos ver se tem condi\u00e7\u00e3o de fazer servi\u00e7os, fazer projetos ou dar assist\u00eancia \u00e0 avia\u00e7\u00e3o regional. Isso vai ser avaliado oportunamente\u201d, garantiu.<\/p>\n<p>&nbsp;<\/p>\n<p>\u00c9 uma quest\u00e3o sens\u00edvel, segundo Freitas, assim como a extin\u00e7\u00e3o ou n\u00e3o da Valec, a estatal ferrovi\u00e1ria. O assunto gerou pol\u00eamica e manifesta\u00e7\u00e3o de servidores na audi\u00eancia desta tarde no Senado. \u201cUma coisa \u00e9 certa, a concess\u00e3o de aeroportos deu muito certo.<\/p>\n<p>&nbsp;<\/p>\n<p>As obras dos \u00faltimos aeroportos concedidos \u2014 Porto Alegre, Fortaleza, Florian\u00f3polis e Salvador \u2014 est\u00e3o com os cronogramas sendo cumpridos. Em outubro vamos inaugurar tudo\u201d, disse. O resultado ser\u00e1 maior oferta de voos. \u201cIsso representa menos custo. As empresas e os investidores precisam perceber isso para que a gente tenha mais voos dispon\u00edveis\u201d, afirmou.<\/p>\n<p>&nbsp;<\/p>\n<p>A pr\u00f3xima concess\u00e3o aeroportu\u00e1ria ser\u00e1 em tr\u00eas blocos: Nordeste, Centro-Oeste e Sudeste, com um aeroporto maior e outros pequenos em cada uma das regi\u00f5es. A estimativa \u00e9 de investimento de R$ 3,5 bilh\u00f5es e vencer\u00e1 quem oferecer a maior outorga.<\/p>\n<p>&nbsp;<\/p>\n<p><em>Bras\u00edlia, 19h02min<\/em><\/p>\n","protected":false},"excerpt":{"rendered":"<p>SIMONE KAFRUNI O ministro da Infraestrutura, Tarc\u00edsio Gomes de Freitas, disse, nesta ter\u00e7a-feira (26\/2), que a participa\u00e7\u00e3o da estatal Infraero nos aeroportos j\u00e1 concedidos ser\u00e1 vendida antes mesmo de o governo tocar as pr\u00f3ximas rodadas de concess\u00e3o de terminais. &nbsp; \u201cVamos vender. Isso tem um custo horroroso para n\u00f3s, porque aportamos dinheiro e n\u00e3o temos [&hellip;]<\/p>\n","protected":false},"author":22,"featured_media":0,"comment_status":"open","ping_status":"closed","sticky":false,"template":"","format":"standard","meta":{"footnotes":""},"categories":[600],"tags":[545,544,286,540,3711],"class_list":["post-10065","post","type-post","status-publish","format-standard","hentry","category-economia","tag-aeroportos","tag-infraero","tag-passagens","tag-privatizacao","tag-voos"],"_links":{"self":[{"href":"https:\/\/blogs.correiobraziliense.com.br\/vicente\/wp-json\/wp\/v2\/posts\/10065","targetHints":{"allow":["GET"]}}],"collection":[{"href":"https:\/\/blogs.correiobraziliense.com.br\/vicente\/wp-json\/wp\/v2\/posts"}],"about":[{"href":"https:\/\/blogs.correiobraziliense.com.br\/vicente\/wp-json\/wp\/v2\/types\/post"}],"author":[{"embeddable":true,"href":"https:\/\/blogs.correiobraziliense.com.br\/vicente\/wp-json\/wp\/v2\/users\/22"}],"replies":[{"embeddable":true,"href":"https:\/\/blogs.correiobraziliense.com.br\/vicente\/wp-json\/wp\/v2\/comments?post=10065"}],"version-history":[{"count":1,"href":"https:\/\/blogs.correiobraziliense.com.br\/vicente\/wp-json\/wp\/v2\/posts\/10065\/revisions"}],"predecessor-version":[{"id":10066,"href":"https:\/\/blogs.correiobraziliense.com.br\/vicente\/wp-json\/wp\/v2\/posts\/10065\/revisions\/10066"}],"wp:attachment":[{"href":"https:\/\/blogs.correiobraziliense.com.br\/vicente\/wp-json\/wp\/v2\/media?parent=10065"}],"wp:term":[{"taxonomy":"category","embeddable":true,"href":"https:\/\/blogs.correiobraziliense.com.br\/vicente\/wp-json\/wp\/v2\/categories?post=10065"},{"taxonomy":"post_tag","embeddable":true,"href":"https:\/\/blogs.correiobraziliense.com.br\/vicente\/wp-json\/wp\/v2\/tags?post=10065"}],"curies":[{"name":"wp","href":"https:\/\/api.w.org\/{rel}","templated":true}]}}