{"id":10059,"date":"2019-02-26T18:37:43","date_gmt":"2019-02-26T21:37:43","guid":{"rendered":"https:\/\/blogs.correiobraziliense.com.br\/vicente\/?p=10059"},"modified":"2019-02-26T18:50:22","modified_gmt":"2019-02-26T21:50:22","slug":"receita-pede-abertura-de-inquerito-para-apurar-violacao-de-sigilo","status":"publish","type":"post","link":"https:\/\/blogs.correiobraziliense.com.br\/vicente\/receita-pede-abertura-de-inquerito-para-apurar-violacao-de-sigilo\/","title":{"rendered":"Receita pede abertura de inqu\u00e9rito para apurar viola\u00e7\u00e3o de sigilo"},"content":{"rendered":"<h2>HAMILTON FERRARI<\/h2>\n<h2><\/h2>\n<h2>A Receita Federal pediu ao Minist\u00e9rio da Justi\u00e7a e Seguran\u00e7a P\u00fablica a abertura de inqu\u00e9rito policial para investigar se houve crime de viola\u00e7\u00e3o de sigilo funcional, ap\u00f3s o vazamento de nomes de pessoas que estavam sendo investigadas. Segundo nota publicada na noite desta ter\u00e7a-feira (26\/2), o requerimento pede o indiciamento dos agentes p\u00fablicos ou privados envolvidos na divulga\u00e7\u00e3o de informa\u00e7\u00f5es protegidas por sigilo.<\/h2>\n<h2><\/h2>\n<p>O \u00f3rg\u00e3o divulgou, por\u00e9m, que todos os procedimentos de investiga\u00e7\u00e3o e an\u00e1lise de contribuintes t\u00eam \u201cmotiva\u00e7\u00e3o t\u00e9cnica e impessoal\u201d. O comunicado ocorre depois que apura\u00e7\u00f5es do Fisco vieram a tona envolvendo membros do Judici\u00e1rio, como o ministro do Supremo Tribunal Federal (STF), Gilmar Mendes. A esposa do presidente da Corte, Dias Toffoli, a advogada Roberta Rangel, tamb\u00e9m \u00e9 uma das investigadas.<\/p>\n<p>&nbsp;<\/p>\n<p>Segundo a Receita, todo o trabalho se baseia no cruzamento de informa\u00e7\u00f5es de diversas fontes. Os dados s\u00e3o submetidos \u00e0s an\u00e1lises de auditores fiscais, que s\u00e3o respons\u00e1veis pela pr\u00e1tica de fiscaliza\u00e7\u00e3o. \u201cO procedimento de fiscaliza\u00e7\u00e3o tem in\u00edcio pela intima\u00e7\u00e3o do contribuinte. Assim, sem a competente intima\u00e7\u00e3o, n\u00e3o h\u00e1 fiscaliza\u00e7\u00e3o em curso\u201d, informou a assessoria.<\/p>\n<p>&nbsp;<\/p>\n<p>Entretanto, nenhum auditor-fiscal pode instaurar a abertura de um procedimento de fiscaliza\u00e7\u00e3o sem pr\u00e9via motiva\u00e7\u00e3o ou quando a responsabilidade \u00e9 de outro servidor que \u00e9 lotado em \u00e1rea diversa.<\/p>\n<p>&nbsp;<\/p>\n<p>O Fisco defende que aperfei\u00e7oou metodologia e crit\u00e9rios destinados a identificar infra\u00e7\u00f5es tribut\u00e1rias praticadas por pessoas politicamente expostas (PPE). Este trabalho gerou 134 casos que prosseguiram em an\u00e1lises adicionais. Ap\u00f3s novas verifica\u00e7\u00f5es, 20 situa\u00e7\u00f5es est\u00e3o em procedimento de fiscaliza\u00e7\u00e3o e 17 est\u00e3o programadas para isso ocorrer.<\/p>\n<p>&nbsp;<\/p>\n<p>Al\u00e9m disso, 26 est\u00e3o sob an\u00e1lise e 79 foram descartadas por inexist\u00eancia de ind\u00edcios. Sobre os casos envolvendo o ministro Gilmar Mendes e a esposa de Dias Toffoli, a Receita afirmou que \u201cas an\u00e1lises preliminares vazadas n\u00e3o haviam sido objeto de valida\u00e7\u00e3o, pr\u00e9-condi\u00e7\u00e3o para abertura de um procedimento de fiscaliza\u00e7\u00e3o\u201d. \u201cOs referidos casos foram objeto de an\u00e1lise t\u00e9cnica e impessoal e a conclus\u00e3o dos auditores-fiscais \u00e9 de que os ind\u00edcios originalmente apontados n\u00e3o se confirmaram, raz\u00e3o pela qual os procedimentos de fiscaliza\u00e7\u00e3o n\u00e3o foram instaurados\u201d, completou.<\/p>\n<p>&nbsp;<\/p>\n<p>A Receita alegou que tamb\u00e9m abriu apura\u00e7\u00e3o de responsabilidade funcional para verificar os respons\u00e1veis pelos vazamentos.<\/p>\n<p>&nbsp;<\/p>\n<p><em>Bras\u00edlia, 18h35min<\/em><\/p>\n","protected":false},"excerpt":{"rendered":"<p>HAMILTON FERRARI A Receita Federal pediu ao Minist\u00e9rio da Justi\u00e7a e Seguran\u00e7a P\u00fablica a abertura de inqu\u00e9rito policial para investigar se houve crime de viola\u00e7\u00e3o de sigilo funcional, ap\u00f3s o vazamento de nomes de pessoas que estavam sendo investigadas. Segundo nota publicada na noite desta ter\u00e7a-feira (26\/2), o requerimento pede o indiciamento dos agentes p\u00fablicos [&hellip;]<\/p>\n","protected":false},"author":22,"featured_media":0,"comment_status":"open","ping_status":"closed","sticky":false,"template":"","format":"standard","meta":{"footnotes":""},"categories":[600],"tags":[3708,940,660],"class_list":["post-10059","post","type-post","status-publish","format-standard","hentry","category-economia","tag-inquerito","tag-investigacao","tag-receita"],"_links":{"self":[{"href":"https:\/\/blogs.correiobraziliense.com.br\/vicente\/wp-json\/wp\/v2\/posts\/10059","targetHints":{"allow":["GET"]}}],"collection":[{"href":"https:\/\/blogs.correiobraziliense.com.br\/vicente\/wp-json\/wp\/v2\/posts"}],"about":[{"href":"https:\/\/blogs.correiobraziliense.com.br\/vicente\/wp-json\/wp\/v2\/types\/post"}],"author":[{"embeddable":true,"href":"https:\/\/blogs.correiobraziliense.com.br\/vicente\/wp-json\/wp\/v2\/users\/22"}],"replies":[{"embeddable":true,"href":"https:\/\/blogs.correiobraziliense.com.br\/vicente\/wp-json\/wp\/v2\/comments?post=10059"}],"version-history":[{"count":3,"href":"https:\/\/blogs.correiobraziliense.com.br\/vicente\/wp-json\/wp\/v2\/posts\/10059\/revisions"}],"predecessor-version":[{"id":10062,"href":"https:\/\/blogs.correiobraziliense.com.br\/vicente\/wp-json\/wp\/v2\/posts\/10059\/revisions\/10062"}],"wp:attachment":[{"href":"https:\/\/blogs.correiobraziliense.com.br\/vicente\/wp-json\/wp\/v2\/media?parent=10059"}],"wp:term":[{"taxonomy":"category","embeddable":true,"href":"https:\/\/blogs.correiobraziliense.com.br\/vicente\/wp-json\/wp\/v2\/categories?post=10059"},{"taxonomy":"post_tag","embeddable":true,"href":"https:\/\/blogs.correiobraziliense.com.br\/vicente\/wp-json\/wp\/v2\/tags?post=10059"}],"curies":[{"name":"wp","href":"https:\/\/api.w.org\/{rel}","templated":true}]}}