{"id":10057,"date":"2019-02-26T10:14:41","date_gmt":"2019-02-26T13:14:41","guid":{"rendered":"https:\/\/blogs.correiobraziliense.com.br\/vicente\/?p=10057"},"modified":"2022-05-03T19:05:14","modified_gmt":"2022-05-03T22:05:14","slug":"250-mil-pessoas-desaparecem-no-brasil-todos-os-anos","status":"publish","type":"post","link":"https:\/\/blogs.correiobraziliense.com.br\/vicente\/250-mil-pessoas-desaparecem-no-brasil-todos-os-anos\/","title":{"rendered":"250 mil pessoas desaparecem no Brasil todos os anos"},"content":{"rendered":"<h2>HAMILTON FERRARI<\/h2>\n<h2><\/h2>\n<h2>Triste estat\u00edstica: no Brasil, 250 mil pessoas desaparecem por ano. Acredita-se que 40 mil sejam menores de 18 anos e, dentre esses, cerca de 10% a 15% somem misteriosamente, sem deixar vest\u00edgios.<\/h2>\n<p>&nbsp;<\/p>\n<p>O munic\u00edpio de S\u00e3o Jo\u00e3o de Meriti ocupa o primeiro lugar da Baixada Fluminense em registros de desaparecimento e o segundo lugar no estado do Rio. Anualmente, s\u00e3o 925 de desaparecidos em S\u00e3o Jo\u00e3o do Meriti.<\/p>\n<p>&nbsp;<\/p>\n<p>Para alertar para o problema, a Secretaria de Estado de Desenvolvimento Social e Direitos Humanos do Rio, por meio da Subsecretaria de Direitos Humanos, promove pela primeira vez nesta quarta-feira (27\/02), naquele munic\u00edpio, o Projeto de Preven\u00e7\u00e3o ao Desaparecimento no Carnaval, cujo tema da campanha \u00e9 Esconde, esconde: nem ser for de brincadeira.<\/p>\n<p>&nbsp;<\/p>\n<p>Entre as a\u00e7\u00f5es, haver\u00e1 palestras informativas no espa\u00e7o da Pra\u00e7a Get\u00falio Vargas, onde fica localizada a Igreja da Matriz; caminhada e panfletagem sobre pr\u00e1ticas preventivas ao desaparecimento e distribui\u00e7\u00e3o de pulseiras de identifica\u00e7\u00e3o e cartilhas de preven\u00e7\u00e3o.<\/p>\n<p>&nbsp;<\/p>\n<p><em>Bras\u00edlia, 10h14min<\/em><\/p>\n","protected":false},"excerpt":{"rendered":"<p>HAMILTON FERRARI Triste estat\u00edstica: no Brasil, 250 mil pessoas desaparecem por ano. Acredita-se que 40 mil sejam menores de 18 anos e, dentre esses, cerca de 10% a 15% somem misteriosamente, sem deixar vest\u00edgios. &nbsp; O munic\u00edpio de S\u00e3o Jo\u00e3o de Meriti ocupa o primeiro lugar da Baixada Fluminense em registros de desaparecimento e o [&hellip;]<\/p>\n","protected":false},"author":22,"featured_media":0,"comment_status":"open","ping_status":"closed","sticky":false,"template":"","format":"standard","meta":{"footnotes":""},"categories":[600],"tags":[3706,273,3707],"class_list":["post-10057","post","type-post","status-publish","format-standard","hentry","category-economia","tag-desaparecidos","tag-rio","tag-sao-joao-do-meriti"],"_links":{"self":[{"href":"https:\/\/blogs.correiobraziliense.com.br\/vicente\/wp-json\/wp\/v2\/posts\/10057","targetHints":{"allow":["GET"]}}],"collection":[{"href":"https:\/\/blogs.correiobraziliense.com.br\/vicente\/wp-json\/wp\/v2\/posts"}],"about":[{"href":"https:\/\/blogs.correiobraziliense.com.br\/vicente\/wp-json\/wp\/v2\/types\/post"}],"author":[{"embeddable":true,"href":"https:\/\/blogs.correiobraziliense.com.br\/vicente\/wp-json\/wp\/v2\/users\/22"}],"replies":[{"embeddable":true,"href":"https:\/\/blogs.correiobraziliense.com.br\/vicente\/wp-json\/wp\/v2\/comments?post=10057"}],"version-history":[{"count":3,"href":"https:\/\/blogs.correiobraziliense.com.br\/vicente\/wp-json\/wp\/v2\/posts\/10057\/revisions"}],"predecessor-version":[{"id":24397,"href":"https:\/\/blogs.correiobraziliense.com.br\/vicente\/wp-json\/wp\/v2\/posts\/10057\/revisions\/24397"}],"wp:attachment":[{"href":"https:\/\/blogs.correiobraziliense.com.br\/vicente\/wp-json\/wp\/v2\/media?parent=10057"}],"wp:term":[{"taxonomy":"category","embeddable":true,"href":"https:\/\/blogs.correiobraziliense.com.br\/vicente\/wp-json\/wp\/v2\/categories?post=10057"},{"taxonomy":"post_tag","embeddable":true,"href":"https:\/\/blogs.correiobraziliense.com.br\/vicente\/wp-json\/wp\/v2\/tags?post=10057"}],"curies":[{"name":"wp","href":"https:\/\/api.w.org\/{rel}","templated":true}]}}