{"id":10055,"date":"2019-02-26T11:45:53","date_gmt":"2019-02-26T14:45:53","guid":{"rendered":"https:\/\/blogs.correiobraziliense.com.br\/vicente\/?p=10055"},"modified":"2019-02-26T12:04:08","modified_gmt":"2019-02-26T15:04:08","slug":"bancada-do-pr-diz-que-nao-vota-previdencia-se-nao-houver-alivio-a-professores","status":"publish","type":"post","link":"https:\/\/blogs.correiobraziliense.com.br\/vicente\/bancada-do-pr-diz-que-nao-vota-previdencia-se-nao-houver-alivio-a-professores\/","title":{"rendered":"Bancada do PR diz que n\u00e3o vota Previd\u00eancia se n\u00e3o houver al\u00edvio a professores"},"content":{"rendered":"<h2>A bancada do PR, que conta com 38 deputados, fechou quest\u00e3o hoje em rela\u00e7\u00e3o \u00e0 reforma da Previd\u00eancia. Segundo o vice-l\u00edder do partido, Marcelo Ramos (AM), o PR s\u00f3 aceitar\u00e1 discutir as propostas preparadas pela equipe econ\u00f4mica de Jair Bolsonaro se houver recuo em rela\u00e7\u00e3o aos professores.<\/h2>\n<p>&nbsp;<\/p>\n<p>Na avalia\u00e7\u00e3o de Ramos, \u00e9 importante que se mantenham as regras atuais para a contribui\u00e7\u00e3o ao Instituto Nacional do Seguro Social (INSS) e a aposentadoria de professores. &#8220;N\u00e3o vamos aceitar nem o aumento do prazo de contribui\u00e7\u00e3o nem idade maior para a aposentadoria&#8221;, diz.<\/p>\n<p>&nbsp;<\/p>\n<p>Na vis\u00e3o do parlamentar, os professores t\u00eam uma carga de trabalho muito pesada, estressante, com grande desgaste psicol\u00f3gico. &#8220;\u00c9 preciso proteger, valorizar os servidores&#8221;, ressalta Ramos. &#8220;N\u00e3o se trata de privil\u00e9gio, mas de valoriza\u00e7\u00e3o de uma categoria que precisa ser prestigiada.&#8221;<\/p>\n<p>&nbsp;<\/p>\n<p><strong>Rela\u00e7\u00e3o complicada<\/strong><\/p>\n<p>&nbsp;<\/p>\n<p>O deputado ressalta que a rela\u00e7\u00e3o do Congresso com o governo est\u00e1 muito complicada. Tanto que boa parte da bancada do PR n\u00e3o dever\u00e1 ir \u00e0 reuni\u00e3o com o secret\u00e1rio Nacional de Previd\u00eancia, Rog\u00e9rio Marinho. O encontro est\u00e1 marcado para \u00e0s 15h30 desta ter\u00e7a-feira. Meia hora antes, o l\u00edder do PR, Jos\u00e9 Rocha (BA), dar\u00e1 uma entrevista coletiva para explicitar a posi\u00e7\u00e3o do partido.<\/p>\n<p>&nbsp;<\/p>\n<p>O vice-l\u00edder do PR diz que ser\u00e1 o primeiro a boicotar Marinho, como uma resposta ao descaso do governo em rela\u00e7\u00e3o a suas demandas. &#8220;Pedi encontro com quatro ministros. Nenhum deles me respondeu. Ent\u00e3o, s\u00f3 falarei com Rog\u00e9rio Marinho depois que os ministros me receberem&#8221;, afirma.<\/p>\n<p>&nbsp;<\/p>\n<p>O governo acredita que ainda pode votar a reforma da Previd\u00eancia neste primeiro semestre. Mas, a depender do clima hoje no Congresso, dificilmente conseguir\u00e1 conquistar os 308 votos necess\u00e1rios para aprovar as mudan\u00e7as no regime previdenci\u00e1rio.<\/p>\n<p>&nbsp;<\/p>\n<p><em>Bras\u00edlia, 11h45min<\/em><\/p>\n","protected":false},"excerpt":{"rendered":"<p>A bancada do PR, que conta com 38 deputados, fechou quest\u00e3o hoje em rela\u00e7\u00e3o \u00e0 reforma da Previd\u00eancia. Segundo o vice-l\u00edder do partido, Marcelo Ramos (AM), o PR s\u00f3 aceitar\u00e1 discutir as propostas preparadas pela equipe econ\u00f4mica de Jair Bolsonaro se houver recuo em rela\u00e7\u00e3o aos professores. &nbsp; Na avalia\u00e7\u00e3o de Ramos, \u00e9 importante que [&hellip;]<\/p>\n","protected":false},"author":22,"featured_media":0,"comment_status":"open","ping_status":"closed","sticky":false,"template":"","format":"standard","meta":{"footnotes":""},"categories":[600],"tags":[2965,429,771],"class_list":["post-10055","post","type-post","status-publish","format-standard","hentry","category-economia","tag-pr","tag-previdencia","tag-professores"],"_links":{"self":[{"href":"https:\/\/blogs.correiobraziliense.com.br\/vicente\/wp-json\/wp\/v2\/posts\/10055","targetHints":{"allow":["GET"]}}],"collection":[{"href":"https:\/\/blogs.correiobraziliense.com.br\/vicente\/wp-json\/wp\/v2\/posts"}],"about":[{"href":"https:\/\/blogs.correiobraziliense.com.br\/vicente\/wp-json\/wp\/v2\/types\/post"}],"author":[{"embeddable":true,"href":"https:\/\/blogs.correiobraziliense.com.br\/vicente\/wp-json\/wp\/v2\/users\/22"}],"replies":[{"embeddable":true,"href":"https:\/\/blogs.correiobraziliense.com.br\/vicente\/wp-json\/wp\/v2\/comments?post=10055"}],"version-history":[{"count":1,"href":"https:\/\/blogs.correiobraziliense.com.br\/vicente\/wp-json\/wp\/v2\/posts\/10055\/revisions"}],"predecessor-version":[{"id":10056,"href":"https:\/\/blogs.correiobraziliense.com.br\/vicente\/wp-json\/wp\/v2\/posts\/10055\/revisions\/10056"}],"wp:attachment":[{"href":"https:\/\/blogs.correiobraziliense.com.br\/vicente\/wp-json\/wp\/v2\/media?parent=10055"}],"wp:term":[{"taxonomy":"category","embeddable":true,"href":"https:\/\/blogs.correiobraziliense.com.br\/vicente\/wp-json\/wp\/v2\/categories?post=10055"},{"taxonomy":"post_tag","embeddable":true,"href":"https:\/\/blogs.correiobraziliense.com.br\/vicente\/wp-json\/wp\/v2\/tags?post=10055"}],"curies":[{"name":"wp","href":"https:\/\/api.w.org\/{rel}","templated":true}]}}